{"id":34992,"date":"2017-12-14T05:00:46","date_gmt":"2017-12-14T08:00:46","guid":{"rendered":"http:\/\/caririemacao.com\/1\/?p=34992"},"modified":"2017-12-14T06:55:42","modified_gmt":"2017-12-14T09:55:42","slug":"mulher-morre-e-crianca-fica-ferida-apos-cairem-de-caminhao","status":"publish","type":"post","link":"https:\/\/www.caririemacao.com\/1\/2017\/12\/14\/mulher-morre-e-crianca-fica-ferida-apos-cairem-de-caminhao\/","title":{"rendered":"Mulher morre e crian\u00e7a fica ferida ap\u00f3s ca\u00edrem de caminh\u00e3o"},"content":{"rendered":"<div class=\"contentPost\">\n<p>Uma mulher morreu e uma crian\u00e7a de sete anos ficou ferida ao ca\u00edrem da boleia de um caminh\u00e3o, na manh\u00e3 desta quarta-feira (13), na BR-104, na altura do munic\u00edpio Riacho de Santo Ant\u00f4nio, no Cariri paraibano. A porta do ve\u00edculo abriu durante uma curva e m\u00e3e e filhos ca\u00edram na pista.<\/p>\n<p>A mulher faleceu no local. J\u00e1 a crian\u00e7a foi socorrida para o Hospital de Emerg\u00eancia e Trauma de Campina Grande em uma ambul\u00e2ncia da Prefeitura de Riacho de Santo Ant\u00f4nio com escoria\u00e7\u00f5es. Ela passa por atendimento.<\/p>\n<p>De acordo com o cunhado da v\u00edtima, identificado como Paulo, a mulher morava em Alcantil e pegou uma carona no caminh\u00e3o para Riacho de Santo Ant\u00f4nio onde participaria da festa de uma neta.<\/p>\n<\/div>\n<p><strong>CARIRI EM A\u00c7\u00c3O<\/strong><\/p>\n<p><em>Com Cariri Ligado \/Foto: Cariri em A\u00e7\u00e3o\u00a0<\/em><\/p>\n<p><strong>Leia mais not\u00edcias em\u00a0<\/strong><a href=\"http:\/\/www.caririemacao.com\/\"><strong>caririemacao.com<\/strong><\/a><strong>, siga nossa p\u00e1gina no\u00a0<\/strong><a href=\"https:\/\/www.facebook.com\/CaririEmAcao\/?ref=aymt_homepage_panel\"><strong>Facebook<\/strong><\/a>,<strong>\u00a0<\/strong><a href=\"https:\/\/www.instagram.com\/cariri_em_acao\/?hl=pt-br\"><strong>Instagram<\/strong><\/a><strong>\u00a0e <\/strong><a href=\"https:\/\/www.youtube.com\/channel\/UCAptA0jQuYQy8vMhLt2m4qg\"><strong>Youtube<\/strong><\/a><strong>\u00a0e veja nossas mat\u00e9rias, v\u00eddeos e fotos. Voc\u00ea tamb\u00e9m pode enviar informa\u00e7\u00f5es \u00e0 Reda\u00e7\u00e3o do Portal Cariri em A\u00e7\u00e3o pelo WhatsApp (83) 9 9634.5791, (83) 9 9601-1162.<\/strong><\/p>\n","protected":false},"excerpt":{"rendered":"<p>Uma mulher morreu e uma crian\u00e7a de sete anos ficou ferida ao ca\u00edrem da boleia de um caminh\u00e3o, na manh\u00e3 desta quarta-feira (13), na BR-104,&hellip; <\/p>\n","protected":false},"author":2,"featured_media":25619,"comment_status":"closed","ping_status":"closed","sticky":false,"template":"","format":"standard","meta":{"sfsi_plus_gutenberg_text_before_share":"","sfsi_plus_gutenberg_show_text_before_share":"","sfsi_plus_gutenberg_icon_type":"","sfsi_plus_gutenberg_icon_alignemt":"","sfsi_plus_gutenburg_max_per_row":"","footnotes":""},"categories":[12],"tags":[],"class_list":["post-34992","post","type-post","status-publish","format-standard","has-post-thumbnail","hentry","category-policia"],"_links":{"self":[{"href":"https:\/\/www.caririemacao.com\/1\/wp-json\/wp\/v2\/posts\/34992","targetHints":{"allow":["GET"]}}],"collection":[{"href":"https:\/\/www.caririemacao.com\/1\/wp-json\/wp\/v2\/posts"}],"about":[{"href":"https:\/\/www.caririemacao.com\/1\/wp-json\/wp\/v2\/types\/post"}],"author":[{"embeddable":true,"href":"https:\/\/www.caririemacao.com\/1\/wp-json\/wp\/v2\/users\/2"}],"replies":[{"embeddable":true,"href":"https:\/\/www.caririemacao.com\/1\/wp-json\/wp\/v2\/comments?post=34992"}],"version-history":[{"count":0,"href":"https:\/\/www.caririemacao.com\/1\/wp-json\/wp\/v2\/posts\/34992\/revisions"}],"wp:featuredmedia":[{"embeddable":true,"href":"https:\/\/www.caririemacao.com\/1\/wp-json\/wp\/v2\/media\/25619"}],"wp:attachment":[{"href":"https:\/\/www.caririemacao.com\/1\/wp-json\/wp\/v2\/media?parent=34992"}],"wp:term":[{"taxonomy":"category","embeddable":true,"href":"https:\/\/www.caririemacao.com\/1\/wp-json\/wp\/v2\/categories?post=34992"},{"taxonomy":"post_tag","embeddable":true,"href":"https:\/\/www.caririemacao.com\/1\/wp-json\/wp\/v2\/tags?post=34992"}],"curies":[{"name":"wp","href":"https:\/\/api.w.org\/{rel}","templated":true}]}}