{"id":35006,"date":"2017-12-14T07:24:26","date_gmt":"2017-12-14T10:24:26","guid":{"rendered":"http:\/\/caririemacao.com\/1\/?p=35006"},"modified":"2017-12-14T07:24:26","modified_gmt":"2017-12-14T10:24:26","slug":"flamengo-fica-apenas-no-empate-e-perde-titulo-da-copa-sul-americana","status":"publish","type":"post","link":"https:\/\/www.caririemacao.com\/1\/2017\/12\/14\/flamengo-fica-apenas-no-empate-e-perde-titulo-da-copa-sul-americana\/","title":{"rendered":"Flamengo fica apenas no empate e perde t\u00edtulo da Copa Sul-Americana"},"content":{"rendered":"<p>Nem todo o apoio do torcedor que lotou o Maracan\u00e3 nesta quarta-feira (13) foi suficiente para dar o t\u00edtulo ao Flamengo. Diante de um\u00a0 Independiente aguerrido e organizado, o Rubro-Negro empatou por 1 a 1 e viu o trof\u00e9u da Copa Sul-Americana ficar com os argentinos em pleno Rio de Janeiro.<\/p>\n<p>O t\u00edtulo da edi\u00e7\u00e3o de 2017 foi o segundo da hist\u00f3ria do Rei de Copas. A outra conquista foi em 2010, quando o Independiente bateu o Goi\u00e1s na decis\u00e3o.<\/p>\n<p>O Flamengo precisava da vit\u00f3ria para ficar com a ta\u00e7a, ou pelo menos levar o jogo para a prorroga\u00e7\u00e3o. E, por isso, tratou de tomar as r\u00e9deas da partida. Aos 30 minutos, a equipe foi coroada com seu gol. Ap\u00f3s confus\u00e3o na \u00e1rea, a bola sobrou para Lucas Paquet\u00e1 que apenas empurrou para o fundo das redes.<\/p>\n<div id=\"inner-ad-container\" class=\"open full-width\">\n<div><strong>Fechar an\u00fancio<\/strong><\/div>\n<\/div>\n<p>A alegria dos flamenguistas, no entanto, durou pouco. Cerca de dez minutos depois, Cu\u00e9llar derrubou Meza na \u00e1rea e o \u00e1rbitro Wilmar Rold\u00e1n marcou p\u00eanalti, confirmado pelo VAR. Na cobran\u00e7a, o jovem Ezequiel Barco, de 18 anos, marcou e garantiu o t\u00edtulo para o Independiente.<\/p>\n<p>Sem a importante conquista, o time carioca, que investiu milh\u00f5es em refor\u00e7os, termina a temporada de 2017 sem t\u00edtulos de express\u00e3o. Al\u00e9m do vice na Sul-Americana, o Flamengo foi vice da Copa do Brasil, foi eliminado na fase de grupos da Libertadores e terminou o Brasileir\u00e3o apenas em sexto.<\/p>\n<p><strong>CARIRI EM A\u00c7\u00c3O<\/strong><\/p>\n<p><em>Com Esportes.r7\/Foto:Divulga\u00e7\u00e3o<\/em><\/p>\n<p><strong>Leia mais not\u00edcias em\u00a0<\/strong><a href=\"http:\/\/www.caririemacao.com\/\"><strong>caririemacao.com<\/strong><\/a><strong>, siga nossa p\u00e1gina no\u00a0<\/strong><a href=\"https:\/\/www.facebook.com\/CaririEmAcao\/?ref=aymt_homepage_panel\"><strong>Facebook<\/strong><\/a>,<strong>\u00a0<\/strong><a href=\"https:\/\/www.instagram.com\/cariri_em_acao\/?hl=pt-br\"><strong>Instagram<\/strong><\/a><strong>\u00a0e\u00a0<\/strong><a href=\"https:\/\/www.youtube.com\/channel\/UCAptA0jQuYQy8vMhLt2m4qg\"><strong>Youtube<\/strong><\/a><strong>\u00a0e veja nossas mat\u00e9rias, v\u00eddeos e fotos. Voc\u00ea tamb\u00e9m pode enviar informa\u00e7\u00f5es \u00e0 Reda\u00e7\u00e3o do Portal Cariri em A\u00e7\u00e3o pelo WhatsApp (83) 9 9634.5791, (83) 9 9601-1162.<\/strong><\/p>\n","protected":false},"excerpt":{"rendered":"<p>Nem todo o apoio do torcedor que lotou o Maracan\u00e3 nesta quarta-feira (13) foi suficiente para dar o t\u00edtulo ao Flamengo. Diante de um\u00a0 Independiente&hellip; <\/p>\n","protected":false},"author":2,"featured_media":35007,"comment_status":"closed","ping_status":"closed","sticky":false,"template":"","format":"standard","meta":{"sfsi_plus_gutenberg_text_before_share":"","sfsi_plus_gutenberg_show_text_before_share":"","sfsi_plus_gutenberg_icon_type":"","sfsi_plus_gutenberg_icon_alignemt":"","sfsi_plus_gutenburg_max_per_row":"","footnotes":""},"categories":[13],"tags":[],"class_list":["post-35006","post","type-post","status-publish","format-standard","has-post-thumbnail","hentry","category-esportes"],"_links":{"self":[{"href":"https:\/\/www.caririemacao.com\/1\/wp-json\/wp\/v2\/posts\/35006","targetHints":{"allow":["GET"]}}],"collection":[{"href":"https:\/\/www.caririemacao.com\/1\/wp-json\/wp\/v2\/posts"}],"about":[{"href":"https:\/\/www.caririemacao.com\/1\/wp-json\/wp\/v2\/types\/post"}],"author":[{"embeddable":true,"href":"https:\/\/www.caririemacao.com\/1\/wp-json\/wp\/v2\/users\/2"}],"replies":[{"embeddable":true,"href":"https:\/\/www.caririemacao.com\/1\/wp-json\/wp\/v2\/comments?post=35006"}],"version-history":[{"count":0,"href":"https:\/\/www.caririemacao.com\/1\/wp-json\/wp\/v2\/posts\/35006\/revisions"}],"wp:featuredmedia":[{"embeddable":true,"href":"https:\/\/www.caririemacao.com\/1\/wp-json\/wp\/v2\/media\/35007"}],"wp:attachment":[{"href":"https:\/\/www.caririemacao.com\/1\/wp-json\/wp\/v2\/media?parent=35006"}],"wp:term":[{"taxonomy":"category","embeddable":true,"href":"https:\/\/www.caririemacao.com\/1\/wp-json\/wp\/v2\/categories?post=35006"},{"taxonomy":"post_tag","embeddable":true,"href":"https:\/\/www.caririemacao.com\/1\/wp-json\/wp\/v2\/tags?post=35006"}],"curies":[{"name":"wp","href":"https:\/\/api.w.org\/{rel}","templated":true}]}}