{"id":35009,"date":"2017-12-14T07:27:30","date_gmt":"2017-12-14T10:27:30","guid":{"rendered":"http:\/\/caririemacao.com\/1\/?p=35009"},"modified":"2017-12-14T07:27:30","modified_gmt":"2017-12-14T10:27:30","slug":"paraibanos-em-destaques-no-futebol-nacional-e-internacional-fazem-jogo-beneficente-na-pb","status":"publish","type":"post","link":"https:\/\/www.caririemacao.com\/1\/2017\/12\/14\/paraibanos-em-destaques-no-futebol-nacional-e-internacional-fazem-jogo-beneficente-na-pb\/","title":{"rendered":"Paraibanos em destaques no futebol nacional e internacional fazem jogo beneficente na PB"},"content":{"rendered":"<p>Dois amigos decidiram abra\u00e7ar uma causa: o goleiro Jo\u00e3o Neto e o fixo Djaelson, que disputaram a Liga Nacional de Futsal deste ano por Conc\u00f3rdia e Guarapuava, respectivamente, v\u00e3o se reunir para fazer um jogo beneficente, em Jo\u00e3o Pessoa, no dia 26 deste m\u00eas, \u00e0s 20h. A meta \u00e9 arrecadar dinheiro e ajudar um amigo, que est\u00e1 em tratamento contra um c\u00e2ncer. O evento, no gin\u00e1sio principal da Vila Ol\u00edmpica Parahyba, contar\u00e1 com a presen\u00e7a de outros jogadores, mas do futebol de campo, como os laterais Douglas Santos (Hamburgo-ALE) e Victor Ferraz (Santos), al\u00e9m do zagueiro Rafael Thyere (Gr\u00eamio), todos nascidos na Para\u00edba.<\/p>\n<p>\u2013 \u00c9 muito legal jogadores renomados abra\u00e7arem essa causa com a gente. Al\u00e9m de eles serem jogadores de alto n\u00edvel, s\u00e3o nossos amigos. Com certeza, esses craques ir\u00e3o abrilhantar ainda mais essa grande festa, que tem um objetivo muito bom, que \u00e9 ajudar nosso amigo Peninha. Tenho certeza de que quem for n\u00e3o ir\u00e1 se arrepender. Eles v\u00e3o ajudar e ver um jogo de alto n\u00edvel \u2013 afirmou Djaelson.<\/p>\n<p>O beneficiado deste duelo solid\u00e1rio ser\u00e1 Marin\u00e9zio Albuquerque, o Peninha. H\u00e1 tr\u00eas meses, ele descobriu um c\u00e2ncer e precisa de ajuda para poder custear o tratamento.<\/p>\n<p>\u2013 Desde o momento em que soube da not\u00edcia, decidi buscar alguma forma de ajud\u00e1-lo de maneira mais ampla, pelo fato de a necessidade ser real e porque ele \u00e9 uma pessoa extremamente querida. \u00c9 muito amigo meu e da minha fam\u00edlia, al\u00e9m de um apaixonado pelo futsal. Ent\u00e3o nada mais justo e digno. Pensei em muitas coisas que, de uma forma ou de outra, acabaram se tornando invi\u00e1veis. J\u00e1 estava inclusive meio desanimado, sem alternativas, at\u00e9 que, em uma conversa com Djaelson, citei a situa\u00e7\u00e3o e, de imediato, ganhei um parceiro que passou, junto comigo, a pensar em algo legal \u2013 explicou Jo\u00e3o Neto.<\/p>\n<p>Aos 64 anos, Peninha se tornou uma esp\u00e9cie de \u201cpaiz\u00e3o da galera\u201d. Amante do futev\u00f4lei, ele sempre mostra as habilidades enfrentando jogadores, como Victor Ferraz e Douglas Santos, nas areias da Praia de Tamba\u00fa, quando est\u00e3o de f\u00e9rias na capital da paraibana.<\/p>\n<p>\u2013 \u00c9 um prazer ter Peninha em nosso meio e ainda jogando muito futev\u00f4lei, mostrando que o f\u00edsico ainda est\u00e1 em dia. Ele \u00e9 uma pessoa a se espelhar. Peninha \u00e9 sempre para cima, alegre. Estamos fazendo este jogo para poder rever nosso amigo o mais r\u00e1pido poss\u00edvel atuando nas arenas de futev\u00f4lei. Ele passa sua energia para os mais novos que pensam em praticar esportes por muitos anos. Estamos orando e confiando na recupera\u00e7\u00e3o dele \u2013 comentou Douglas Santos.<\/p>\n<p>Quem quiser acompanhar esses craques de perto e ainda colaborar no tratamento de Peninha vai poder comprar rifas no valor de R$ 5. Os canhotos dessas rifas servem como ingresso para a partida. Os locais de venda ainda v\u00e3o ser divulgados, mas \u00e9 certo que na pr\u00f3pria Vila Ol\u00edmpica Parahyba, horas antes do jogo, vai ter ingressos \u00e0 disposi\u00e7\u00e3o. No evento, vai haver sorteio de camisas oficiais de v\u00e1rios clubes.<\/p>\n<p><strong>CARIRI EM A\u00c7\u00c3O<\/strong><\/p>\n<p><em>Com Globo Esporte\/Foto:Divulga\u00e7\u00e3o\u00a0<\/em><\/p>\n<p><strong>Leia mais not\u00edcias em\u00a0<\/strong><a href=\"http:\/\/www.caririemacao.com\/\"><strong>caririemacao.com<\/strong><\/a><strong>, siga nossa p\u00e1gina no\u00a0<\/strong><a href=\"https:\/\/www.facebook.com\/CaririEmAcao\/?ref=aymt_homepage_panel\"><strong>Facebook<\/strong><\/a>,<strong>\u00a0<\/strong><a href=\"https:\/\/www.instagram.com\/cariri_em_acao\/?hl=pt-br\"><strong>Instagram<\/strong><\/a><strong>\u00a0e\u00a0<\/strong><a href=\"https:\/\/www.youtube.com\/channel\/UCAptA0jQuYQy8vMhLt2m4qg\"><strong>Youtube<\/strong><\/a><strong>\u00a0e veja nossas mat\u00e9rias, v\u00eddeos e fotos. Voc\u00ea tamb\u00e9m pode enviar informa\u00e7\u00f5es \u00e0 Reda\u00e7\u00e3o do Portal Cariri em A\u00e7\u00e3o pelo WhatsApp (83) 9 9634.5791, (83) 9 9601-1162.<\/strong><\/p>\n","protected":false},"excerpt":{"rendered":"<p>Dois amigos decidiram abra\u00e7ar uma causa: o goleiro Jo\u00e3o Neto e o fixo Djaelson, que disputaram a Liga Nacional de Futsal deste ano por Conc\u00f3rdia&hellip; <\/p>\n","protected":false},"author":2,"featured_media":35010,"comment_status":"closed","ping_status":"closed","sticky":false,"template":"","format":"standard","meta":{"sfsi_plus_gutenberg_text_before_share":"","sfsi_plus_gutenberg_show_text_before_share":"","sfsi_plus_gutenberg_icon_type":"","sfsi_plus_gutenberg_icon_alignemt":"","sfsi_plus_gutenburg_max_per_row":"","footnotes":""},"categories":[13],"tags":[],"class_list":["post-35009","post","type-post","status-publish","format-standard","has-post-thumbnail","hentry","category-esportes"],"_links":{"self":[{"href":"https:\/\/www.caririemacao.com\/1\/wp-json\/wp\/v2\/posts\/35009","targetHints":{"allow":["GET"]}}],"collection":[{"href":"https:\/\/www.caririemacao.com\/1\/wp-json\/wp\/v2\/posts"}],"about":[{"href":"https:\/\/www.caririemacao.com\/1\/wp-json\/wp\/v2\/types\/post"}],"author":[{"embeddable":true,"href":"https:\/\/www.caririemacao.com\/1\/wp-json\/wp\/v2\/users\/2"}],"replies":[{"embeddable":true,"href":"https:\/\/www.caririemacao.com\/1\/wp-json\/wp\/v2\/comments?post=35009"}],"version-history":[{"count":0,"href":"https:\/\/www.caririemacao.com\/1\/wp-json\/wp\/v2\/posts\/35009\/revisions"}],"wp:featuredmedia":[{"embeddable":true,"href":"https:\/\/www.caririemacao.com\/1\/wp-json\/wp\/v2\/media\/35010"}],"wp:attachment":[{"href":"https:\/\/www.caririemacao.com\/1\/wp-json\/wp\/v2\/media?parent=35009"}],"wp:term":[{"taxonomy":"category","embeddable":true,"href":"https:\/\/www.caririemacao.com\/1\/wp-json\/wp\/v2\/categories?post=35009"},{"taxonomy":"post_tag","embeddable":true,"href":"https:\/\/www.caririemacao.com\/1\/wp-json\/wp\/v2\/tags?post=35009"}],"curies":[{"name":"wp","href":"https:\/\/api.w.org\/{rel}","templated":true}]}}