{"id":35012,"date":"2017-12-14T07:29:25","date_gmt":"2017-12-14T10:29:25","guid":{"rendered":"http:\/\/caririemacao.com\/1\/?p=35012"},"modified":"2017-12-14T07:30:22","modified_gmt":"2017-12-14T10:30:22","slug":"mais-de-274-mil-paraibanos-faltam-sacar-abono-salarial-do-pispasep","status":"publish","type":"post","link":"https:\/\/www.caririemacao.com\/1\/2017\/12\/14\/mais-de-274-mil-paraibanos-faltam-sacar-abono-salarial-do-pispasep\/","title":{"rendered":"Mais de 274 mil paraibanos faltam sacar abono salarial do PIS\/Pasep"},"content":{"rendered":"<p>O Minist\u00e9rio do Trabalho libera a partir desta quinta-feira (14) o pagamento do Abono Salarial do PIS\/ Pasep ano-base 2016 para os trabalhadores da iniciativa privada nascidos no m\u00eas de dezembro. Esse \u00e9 o sexto lote de pagamento. O dinheiro estar\u00e1 dispon\u00edvel nas ag\u00eancias da Caixa ou casas lot\u00e9ricas de todo o pa\u00eds.<\/p>\n<p>De acordo com dados do Minist\u00e9rio, mais de 443 mil paraibanos t\u00eam direito ao saque. Por\u00e9m, apenas 169 mil retiraram o dinheiro, totalizando R$ 132 milh\u00f5es de reais pagos. Os demais 274 mil beneficiados ainda faltam retirar o abono, o que equivale R$ 215 milh\u00f5es.<\/p>\n<p>O ministro do Trabalho, Ronaldo Nogueira, lembra que existe um calend\u00e1rio de pagamento, baseado no m\u00eas de nascimento do trabalhador, que precisa ser observado. \u201cTrabalhador, n\u00e3o deixe de ficar de olho no calend\u00e1rio para n\u00e3o correr o risco de deixar de receber esse dinheiro que \u00e9 t\u00e3o importante. \u00c9 um benef\u00edcio e um direito do trabalhador brasileiro\u201d, destaca.<\/p>\n<p>Para ter direito ao benef\u00edcio \u00e9 necess\u00e1rio ter trabalhado formalmente por pelo menos um m\u00eas em 2016 com remunera\u00e7\u00e3o m\u00e9dia de at\u00e9 dois sal\u00e1rios m\u00ednimos. Al\u00e9m disso, o trabalhador tinha de estar inscrito no PIS\/Pasep h\u00e1 pelo menos cinco anos e ter tido seus dados informados corretamente pelo empregador na Rela\u00e7\u00e3o Anual de Informa\u00e7\u00f5es Sociais (Rais).<\/p>\n<p>O valor de cada benef\u00edcio depende do per\u00edodo trabalhado no ano-base, mas varia de R$ 79 a R$ 937. Quem trabalhou formalmente durante todo o ano com sal\u00e1rio m\u00e9dio de at\u00e9 dois sal\u00e1rios m\u00ednimos recebe o valor cheio. Quem trabalhou um m\u00eas, por exemplo, com esses mesmos pr\u00e9-requisitos, recebe 1\/12 do valor, e assim sucessivamente.<\/p>\n<p><strong>CARIRI EM A\u00c7\u00c3O<\/strong><\/p>\n<p><em>Com\u00a0MaisPB \/Foto: Google\u00a0\u00a0 <\/em><\/p>\n<p><strong>Leia mais not\u00edcias em\u00a0<\/strong><a href=\"http:\/\/www.caririemacao.com\/\"><strong>caririemacao.com<\/strong><\/a><strong>, siga nossa p\u00e1gina no\u00a0<\/strong><a href=\"https:\/\/www.facebook.com\/CaririEmAcao\/?ref=aymt_homepage_panel\"><strong>Facebook<\/strong><\/a>,<strong>\u00a0<\/strong><a href=\"https:\/\/www.instagram.com\/cariri_em_acao\/?hl=pt-br\"><strong>Instagram<\/strong><\/a><strong>\u00a0e <\/strong><a href=\"https:\/\/www.youtube.com\/channel\/UCAptA0jQuYQy8vMhLt2m4qg\"><strong>Youtube<\/strong><\/a><strong>\u00a0e veja nossas mat\u00e9rias, v\u00eddeos e fotos. Voc\u00ea tamb\u00e9m pode enviar informa\u00e7\u00f5es \u00e0 Reda\u00e7\u00e3o do Portal Cariri em A\u00e7\u00e3o pelo WhatsApp (83) 9 9634.5791, (83) 9 9601-1162.<\/strong><\/p>\n","protected":false},"excerpt":{"rendered":"<p>O Minist\u00e9rio do Trabalho libera a partir desta quinta-feira (14) o pagamento do Abono Salarial do PIS\/ Pasep ano-base 2016 para os trabalhadores da iniciativa&hellip; <\/p>\n","protected":false},"author":2,"featured_media":16593,"comment_status":"closed","ping_status":"closed","sticky":false,"template":"","format":"standard","meta":{"sfsi_plus_gutenberg_text_before_share":"","sfsi_plus_gutenberg_show_text_before_share":"","sfsi_plus_gutenberg_icon_type":"","sfsi_plus_gutenberg_icon_alignemt":"","sfsi_plus_gutenburg_max_per_row":"","footnotes":""},"categories":[2],"tags":[],"class_list":["post-35012","post","type-post","status-publish","format-standard","has-post-thumbnail","hentry","category-geral"],"_links":{"self":[{"href":"https:\/\/www.caririemacao.com\/1\/wp-json\/wp\/v2\/posts\/35012","targetHints":{"allow":["GET"]}}],"collection":[{"href":"https:\/\/www.caririemacao.com\/1\/wp-json\/wp\/v2\/posts"}],"about":[{"href":"https:\/\/www.caririemacao.com\/1\/wp-json\/wp\/v2\/types\/post"}],"author":[{"embeddable":true,"href":"https:\/\/www.caririemacao.com\/1\/wp-json\/wp\/v2\/users\/2"}],"replies":[{"embeddable":true,"href":"https:\/\/www.caririemacao.com\/1\/wp-json\/wp\/v2\/comments?post=35012"}],"version-history":[{"count":0,"href":"https:\/\/www.caririemacao.com\/1\/wp-json\/wp\/v2\/posts\/35012\/revisions"}],"wp:featuredmedia":[{"embeddable":true,"href":"https:\/\/www.caririemacao.com\/1\/wp-json\/wp\/v2\/media\/16593"}],"wp:attachment":[{"href":"https:\/\/www.caririemacao.com\/1\/wp-json\/wp\/v2\/media?parent=35012"}],"wp:term":[{"taxonomy":"category","embeddable":true,"href":"https:\/\/www.caririemacao.com\/1\/wp-json\/wp\/v2\/categories?post=35012"},{"taxonomy":"post_tag","embeddable":true,"href":"https:\/\/www.caririemacao.com\/1\/wp-json\/wp\/v2\/tags?post=35012"}],"curies":[{"name":"wp","href":"https:\/\/api.w.org\/{rel}","templated":true}]}}