{"id":35067,"date":"2017-12-15T09:24:32","date_gmt":"2017-12-15T12:24:32","guid":{"rendered":"http:\/\/caririemacao.com\/1\/?p=35067"},"modified":"2017-12-15T09:24:32","modified_gmt":"2017-12-15T12:24:32","slug":"moro-deve-ouvir-novamente-dono-de-apartamento-vizinho-ao-de-lula-investigado-pela-lava-jato","status":"publish","type":"post","link":"https:\/\/www.caririemacao.com\/1\/2017\/12\/15\/moro-deve-ouvir-novamente-dono-de-apartamento-vizinho-ao-de-lula-investigado-pela-lava-jato\/","title":{"rendered":"Moro deve ouvir novamente dono de apartamento vizinho ao de Lula investigado pela Lava Jato"},"content":{"rendered":"<div class=\"mc-article-body\">\n<article>\n<div class=\"mc-column content-text active-extra-styles active-capital-letter\" data-block-type=\"unstyled\" data-block-weight=\"49\" data-block-id=\"2\">\n<p class=\"content-text__container theme-color-primary-first-letter\" data-track-category=\"Link no Texto\" data-track-links=\"\">O empres\u00e1rio Glaucos da Costamarques, r\u00e9u em um processo da Opera\u00e7\u00e3o Lava Jato, ao lado do ex-presidente Luiz In\u00e1cio Lula da Silva, ser\u00e1 reinterrogado pelo juiz S\u00e9rgio Moro, nesta sexta-feira (15). Al\u00e9m dele, Moro tamb\u00e9m deve ouvir o contador Jo\u00e3o Muniz Leite. Os depoimentos est\u00e3o marcados para as 10h.<\/p>\n<\/div>\n<div class=\"mc-column content-text active-extra-styles \" data-block-type=\"unstyled\" data-block-weight=\"48\" data-block-id=\"3\">\n<p class=\"content-text__container \" data-track-category=\"Link no Texto\" data-track-links=\"\">Os dois devem falar a respeito das diverg\u00eancias entre o Minist\u00e9rio P\u00fablico Federal (MPF) e a defesa de Lula, sobre uma s\u00e9rie de recibos que comprovariam o pagamento de alugu\u00e9is de um apartamento vizinho ao que o ex-presidente mora, em S\u00e3o Bernardo do Campo, na Grande S\u00e3o Paulo.<\/p>\n<\/div>\n<div class=\"mc-column content-text active-extra-styles \" data-block-type=\"unstyled\" data-block-weight=\"60\" data-block-id=\"4\">\n<p class=\"content-text__container \" data-track-category=\"Link no Texto\" data-track-links=\"\">O im\u00f3vel \u00e9 um dos alvos do processo em que Lula e Costamarques s\u00e3o r\u00e9us. De acordo com o MPF, o empres\u00e1rio adquiriu o apartamento com dinheiro da Odebrecht, com o objetivo de repass\u00e1-lo sem custos ao petista. Seria parte de uma propina da empreiteira ao ex-presidente, por ter supostamente atuado a favor da empreiteira em contratos com a Petrobras.<\/p>\n<\/div>\n<div class=\"mc-column content-text active-extra-styles \" data-block-type=\"unstyled\" data-block-weight=\"50\" data-block-id=\"5\">\n<p class=\"content-text__container \" data-track-category=\"Link no Texto\" data-track-links=\"\">A defesa de Lula, no entanto, contesta essa vers\u00e3o e apresentou uma s\u00e9rie de recibos, datados entre 2011 e 2015, em que estariam comprovados os pagamentos dos alugueis a Costamarques. Os recibos s\u00e3o em nome da ex-primeira-dama Marisa Let\u00edcia, que firmou o contrato junto ao empres\u00e1rio, que assinou os documentos.<\/p>\n<\/div>\n<div class=\"mc-column content-text active-extra-styles \" data-block-type=\"unstyled\" data-block-weight=\"39\" data-block-id=\"6\">\n<p class=\"content-text__container \" data-track-category=\"Link no Texto\" data-track-links=\"\">O MPF, por sua vez, entrou com um pedido na Justi\u00e7a para que a origem desses recibos seja investigada. Para os procuradores, os documentos s\u00e3o ideologicamente falsos, ou seja, foram produzidos para dar apar\u00eancia de legalidade a atos ilegais.<\/p>\n<\/div>\n<div class=\"mc-column content-text active-extra-styles \" data-block-type=\"unstyled\" data-block-weight=\"70\" data-block-id=\"7\">\n<p class=\"content-text__container \" data-track-category=\"Link no Texto\" data-track-links=\"\">O advogado de Costamarques afirmou que o cliente assinou parte desses recibos quando estava internado no Hospital S\u00edrio-Liban\u00eas. A vers\u00e3o da defesa do empres\u00e1rio \u00e9 a de que o advogado de Lula, Roberto Teixeira, visitou o empres\u00e1rio e pediu para que ele assinasse os papeis. Dias depois, o contador Jo\u00e3o Muniz Leite, que atendia a Lula e a Costamarques, foi ao hospital com uma s\u00e9rie de recibos, que foram assinados.<\/p>\n<\/div>\n<div class=\"mc-column content-text active-extra-styles \" data-block-type=\"unstyled\" data-block-weight=\"52\" data-block-id=\"9\">\n<p class=\"content-text__container \" data-track-category=\"Link no Texto\" data-track-links=\"\">Na ter\u00e7a-feira (12), a defesa de Lula apresentou o resultado preliminar de uma per\u00edcia informal feita nos recibos.\u00a0Segundo os advogados do ex-presidente, o laudo indica que os recibos s\u00e3o originais e aut\u00eanticos. A defesa tamb\u00e9m diz que os recibos foram assinados em datas diferentes, o que contradiz a vers\u00e3o de Costamarques.<\/p>\n<\/div>\n<div class=\"mc-column content-text active-extra-styles \" data-block-type=\"unstyled\" data-block-weight=\"61\" data-block-id=\"10\">\n<p class=\"content-text__container \" data-track-category=\"Link no Texto\" data-track-links=\"\">Agora, Moro quer ouvir novamente Costamarques e colher tamb\u00e9m o depoimento de Jo\u00e3o Leite, para tentar entender a origem desses documentos. Embora tenha sido citado durante essa fase do processo, o contador n\u00e3o consta no rol de r\u00e9us dessa a\u00e7\u00e3o penal, a qual tamb\u00e9m respondem o ex-ministro Ant\u00f4nio Palocci, o ex-presidente do Grupo Odebrecht, Marcelo Odebrecht, e outros executivos da empreiteira.<\/p>\n<\/div>\n<\/article>\n<\/div>\n<p><strong>CARIRI EM A\u00c7\u00c3O<\/strong><\/p>\n<p><em>Com<\/em> G1<em>\/Foto: Google\u00a0\u00a0 <\/em><\/p>\n<p><strong>Leia mais not\u00edcias em\u00a0<\/strong><a href=\"http:\/\/www.caririemacao.com\/\"><strong>caririemacao.com<\/strong><\/a><strong>, siga nossa p\u00e1gina no\u00a0<\/strong><a href=\"https:\/\/www.facebook.com\/CaririEmAcao\/?ref=aymt_homepage_panel\"><strong>Facebook<\/strong><\/a>,<strong>\u00a0<\/strong><a href=\"https:\/\/www.instagram.com\/cariri_em_acao\/?hl=pt-br\"><strong>Instagram<\/strong><\/a><strong>\u00a0e <\/strong><a href=\"https:\/\/www.youtube.com\/channel\/UCAptA0jQuYQy8vMhLt2m4qg\"><strong>Youtube<\/strong><\/a><strong>\u00a0e veja nossas mat\u00e9rias, v\u00eddeos e fotos. Voc\u00ea tamb\u00e9m pode enviar informa\u00e7\u00f5es \u00e0 Reda\u00e7\u00e3o do Portal Cariri em A\u00e7\u00e3o pelo WhatsApp (83) 9 9634.5791, (83) 9 9601-1162.<\/strong><\/p>\n","protected":false},"excerpt":{"rendered":"<p>O empres\u00e1rio Glaucos da Costamarques, r\u00e9u em um processo da Opera\u00e7\u00e3o Lava Jato, ao lado do ex-presidente Luiz In\u00e1cio Lula da Silva, ser\u00e1 reinterrogado pelo&hellip; <\/p>\n","protected":false},"author":2,"featured_media":35071,"comment_status":"closed","ping_status":"closed","sticky":false,"template":"","format":"standard","meta":{"sfsi_plus_gutenberg_text_before_share":"","sfsi_plus_gutenberg_show_text_before_share":"","sfsi_plus_gutenberg_icon_type":"","sfsi_plus_gutenberg_icon_alignemt":"","sfsi_plus_gutenburg_max_per_row":"","footnotes":""},"categories":[2],"tags":[],"class_list":["post-35067","post","type-post","status-publish","format-standard","has-post-thumbnail","hentry","category-geral"],"_links":{"self":[{"href":"https:\/\/www.caririemacao.com\/1\/wp-json\/wp\/v2\/posts\/35067","targetHints":{"allow":["GET"]}}],"collection":[{"href":"https:\/\/www.caririemacao.com\/1\/wp-json\/wp\/v2\/posts"}],"about":[{"href":"https:\/\/www.caririemacao.com\/1\/wp-json\/wp\/v2\/types\/post"}],"author":[{"embeddable":true,"href":"https:\/\/www.caririemacao.com\/1\/wp-json\/wp\/v2\/users\/2"}],"replies":[{"embeddable":true,"href":"https:\/\/www.caririemacao.com\/1\/wp-json\/wp\/v2\/comments?post=35067"}],"version-history":[{"count":0,"href":"https:\/\/www.caririemacao.com\/1\/wp-json\/wp\/v2\/posts\/35067\/revisions"}],"wp:featuredmedia":[{"embeddable":true,"href":"https:\/\/www.caririemacao.com\/1\/wp-json\/wp\/v2\/media\/35071"}],"wp:attachment":[{"href":"https:\/\/www.caririemacao.com\/1\/wp-json\/wp\/v2\/media?parent=35067"}],"wp:term":[{"taxonomy":"category","embeddable":true,"href":"https:\/\/www.caririemacao.com\/1\/wp-json\/wp\/v2\/categories?post=35067"},{"taxonomy":"post_tag","embeddable":true,"href":"https:\/\/www.caririemacao.com\/1\/wp-json\/wp\/v2\/tags?post=35067"}],"curies":[{"name":"wp","href":"https:\/\/api.w.org\/{rel}","templated":true}]}}