{"id":35070,"date":"2017-12-15T09:27:59","date_gmt":"2017-12-15T12:27:59","guid":{"rendered":"http:\/\/caririemacao.com\/1\/?p=35070"},"modified":"2017-12-15T09:27:59","modified_gmt":"2017-12-15T12:27:59","slug":"nazare-cancela-celebracao-de-natal-por-causa-da-decisao-de-trump-sobre-jerusalem","status":"publish","type":"post","link":"https:\/\/www.caririemacao.com\/1\/2017\/12\/15\/nazare-cancela-celebracao-de-natal-por-causa-da-decisao-de-trump-sobre-jerusalem\/","title":{"rendered":"Nazar\u00e9 cancela celebra\u00e7\u00e3o de Natal por causa da decis\u00e3o de Trump sobre Jerusal\u00e9m"},"content":{"rendered":"<p>A C\u00e2mara Municipal de Nazar\u00e9, cidade no norte de Israel, suspendeu as celebra\u00e7\u00f5es oficiais da sua festa natalina, em protesto pelo reconhecimento de Jerusal\u00e9m como capital do pa\u00eds feito pelo presidente dos Estados Unidos, Donald Trump. Conforme os relatos bibl\u00edcos Jesus, que era conhecido como \u201co Nazareno\u201d, nasceu em Bel\u00e9m e foi criado em Nazar\u00e9. A informa\u00e7\u00e3o \u00e9 da EFE.<\/p>\n<p>&#8220;Nossa identidade e f\u00e9 n\u00e3o est\u00e3o em debate (&#8230;). A decis\u00e3o (de Trump) tem tirado a alegria das festividades e, por isso, cancelamos as celebra\u00e7\u00f5es&#8221;, informou o prefeito de Nazar\u00e9, Ali Salam, \u00e0 edi\u00e7\u00e3o digital do jornal Times of Israel.<\/p>\n<p>Dessa forma, uma das cidades mais importantes para o cristianismo, ficar\u00e1 esse ano sem uma grande festividade natalina e outras atividades relacionadas \u00e0 data.<\/p>\n<p>O porta-voz do Comit\u00ea de Igrejas Cat\u00f3licas na Terra Santa, Wadie Abunaser, afirmou contudo que os eventos religiosos continuam como o previsto. A \u00c1rvore de Natal da cidade ser\u00e1 iluminada no pr\u00f3ximo domingo e ainda haver\u00e1 duas prociss\u00f5es: uma no dia 23 e outra no dia 24.<\/p>\n<p>A decis\u00e3o de Trump sobre Jerusal\u00e9m, cidade considerada como sagrada pelas tr\u00eas grandes religi\u00f5es monote\u00edstas &#8211; cristianismo, islamismo e juda\u00edsmo -, gerou uma onda de protestos e condena\u00e7\u00f5es da comunidade internacional mundo afora.<\/p>\n<p><strong>CARIRI EM A\u00c7\u00c3O<\/strong><\/p>\n<p><em>Com<\/em> Ag\u00eancia Brasil\u00a0<em>\/Foto: Google\u00a0\u00a0 <\/em><\/p>\n<p><strong>Leia mais not\u00edcias em\u00a0<\/strong><a href=\"http:\/\/www.caririemacao.com\/\"><strong>caririemacao.com<\/strong><\/a><strong>, siga nossa p\u00e1gina no\u00a0<\/strong><a href=\"https:\/\/www.facebook.com\/CaririEmAcao\/?ref=aymt_homepage_panel\"><strong>Facebook<\/strong><\/a>,<strong>\u00a0<\/strong><a href=\"https:\/\/www.instagram.com\/cariri_em_acao\/?hl=pt-br\"><strong>Instagram<\/strong><\/a><strong>\u00a0e <\/strong><a href=\"https:\/\/www.youtube.com\/channel\/UCAptA0jQuYQy8vMhLt2m4qg\"><strong>Youtube<\/strong><\/a><strong>\u00a0e veja nossas mat\u00e9rias, v\u00eddeos e fotos. Voc\u00ea tamb\u00e9m pode enviar informa\u00e7\u00f5es \u00e0 Reda\u00e7\u00e3o do Portal Cariri em A\u00e7\u00e3o pelo WhatsApp (83) 9 9634.5791, (83) 9 9601-1162.<\/strong><\/p>\n","protected":false},"excerpt":{"rendered":"<p>A C\u00e2mara Municipal de Nazar\u00e9, cidade no norte de Israel, suspendeu as celebra\u00e7\u00f5es oficiais da sua festa natalina, em protesto pelo reconhecimento de Jerusal\u00e9m como&hellip; <\/p>\n","protected":false},"author":2,"featured_media":30356,"comment_status":"closed","ping_status":"closed","sticky":false,"template":"","format":"standard","meta":{"sfsi_plus_gutenberg_text_before_share":"","sfsi_plus_gutenberg_show_text_before_share":"","sfsi_plus_gutenberg_icon_type":"","sfsi_plus_gutenberg_icon_alignemt":"","sfsi_plus_gutenburg_max_per_row":"","footnotes":""},"categories":[2],"tags":[],"class_list":["post-35070","post","type-post","status-publish","format-standard","has-post-thumbnail","hentry","category-geral"],"_links":{"self":[{"href":"https:\/\/www.caririemacao.com\/1\/wp-json\/wp\/v2\/posts\/35070","targetHints":{"allow":["GET"]}}],"collection":[{"href":"https:\/\/www.caririemacao.com\/1\/wp-json\/wp\/v2\/posts"}],"about":[{"href":"https:\/\/www.caririemacao.com\/1\/wp-json\/wp\/v2\/types\/post"}],"author":[{"embeddable":true,"href":"https:\/\/www.caririemacao.com\/1\/wp-json\/wp\/v2\/users\/2"}],"replies":[{"embeddable":true,"href":"https:\/\/www.caririemacao.com\/1\/wp-json\/wp\/v2\/comments?post=35070"}],"version-history":[{"count":0,"href":"https:\/\/www.caririemacao.com\/1\/wp-json\/wp\/v2\/posts\/35070\/revisions"}],"wp:featuredmedia":[{"embeddable":true,"href":"https:\/\/www.caririemacao.com\/1\/wp-json\/wp\/v2\/media\/30356"}],"wp:attachment":[{"href":"https:\/\/www.caririemacao.com\/1\/wp-json\/wp\/v2\/media?parent=35070"}],"wp:term":[{"taxonomy":"category","embeddable":true,"href":"https:\/\/www.caririemacao.com\/1\/wp-json\/wp\/v2\/categories?post=35070"},{"taxonomy":"post_tag","embeddable":true,"href":"https:\/\/www.caririemacao.com\/1\/wp-json\/wp\/v2\/tags?post=35070"}],"curies":[{"name":"wp","href":"https:\/\/api.w.org\/{rel}","templated":true}]}}