{"id":35074,"date":"2017-12-15T09:44:49","date_gmt":"2017-12-15T12:44:49","guid":{"rendered":"http:\/\/caririemacao.com\/1\/?p=35074"},"modified":"2017-12-15T09:51:40","modified_gmt":"2017-12-15T12:51:40","slug":"municipios-caririzeiros-aparecem-na-relacao-das-10-cidades-do-estado-com-menor-pib","status":"publish","type":"post","link":"https:\/\/www.caririemacao.com\/1\/2017\/12\/15\/municipios-caririzeiros-aparecem-na-relacao-das-10-cidades-do-estado-com-menor-pib\/","title":{"rendered":"Munic\u00edpios caririzeiros aparecem na rela\u00e7\u00e3o das 10 cidades do Estado com menor PIB do Nordeste"},"content":{"rendered":"<div class=\"mc-column\">\n<div class=\"content-publication-data\">\n<p class=\"content-publication-data__updated\"><time datetime=\"2017-12-14T20:40:34.567Z\"><\/time><span style=\"font-family: inherit; font-size: inherit; font-style: inherit; font-variant-ligatures: inherit; font-variant-caps: inherit; font-weight: inherit; text-align: center;\">A quinta cidade do pa\u00eds com o menor Produto Interno Bruto (PIB) em 2015 est\u00e1 na Para\u00edba, segundo resultado divulgado nesta quinta-feira (14) pelo Instituto Brasileiro de Geografia e Estat\u00edstica (IBGE).\u00a0<\/span>Areia de Bara\u00fanas, no Sert\u00e3o do estado<span style=\"font-family: inherit; font-size: inherit; font-style: inherit; font-variant-ligatures: inherit; font-variant-caps: inherit; font-weight: inherit; text-align: center;\">, produziu R$ 15.162.000, representando 0,01% de participa\u00e7\u00e3o no PIB das Grandes Regi\u00f5es.<\/span><\/p>\n<\/div>\n<\/div>\n<div class=\"mc-article-body\">\n<article>\n<div class=\"mc-column content-text active-extra-styles \" data-block-type=\"unstyled\" data-block-weight=\"51\" data-block-id=\"2\">\n<p class=\"content-text__container \" data-track-category=\"Link no Texto\" data-track-links=\"\">Os munic\u00edpios com os menores Produtos Internos Brutos do Brasil s\u00e3o MIguel Le\u00e3o no Piau\u00ed (R$ 11,439 milh\u00f5es), Santo Ant\u00f4nio dos Milagres tamb\u00e9m no Piau\u00ed, com R$ 12,012 milh\u00f5es, Vi\u00e7osa no Rio Grande Norte (R$ 14,837 milh\u00f5es), S\u00e3o F\u00e9lix do Tocantins, no Tocantins, com R$ 14,973 milh\u00f5es e Areia de Bara\u00fanas.<\/p>\n<\/div>\n<div class=\"mc-column content-text active-extra-styles \" data-block-type=\"unstyled\" data-block-weight=\"53\" data-block-id=\"3\">\n<p class=\"content-text__container \" data-track-category=\"Link no Texto\" data-track-links=\"\">A Para\u00edba ainda abriga 10 das 30 cidades com os menores PIB do Nordeste em 2015, conforme o IBGE. Juntos, os 10 munic\u00edpios do estado na lista, participam de 0,33% do Produto Interno Bruto na Grande Regi\u00e3o da Para\u00edba. Confira lista dos munic\u00edpios com os menores PIB da PB em rela\u00e7\u00e3o ao Nordeste.<\/p>\n<\/div>\n<div data-track-category=\"fim do conteudo\" data-track-action=\"ultimo chunk conteudo\" data-track-noninteraction=\"false\" data-track-scroll=\"entrada completa viewport\">\n<div class=\"row medium-uncollapsed content-text\">\n<div class=\"column medium-centered medium-22 large-20\">\n<div class=\"show-table\">\n<p class=\"mc-column show-table__title\">10 cidades da Para\u00edba com o menor PIB em rela\u00e7\u00e3o ao Nordeste<\/p>\n<div class=\"show-table__centralized\">\n<div class=\"show-table__container\">\n<table class=\"show-table__content show-table__content--highlight-top \">\n<tbody>\n<tr>\n<td>Munic\u00edpio<\/td>\n<td>Posi\u00e7\u00e3o<\/td>\n<td>PIB (x R$ 1.000)<\/td>\n<\/tr>\n<tr>\n<td>Areia de Bara\u00fanas<\/td>\n<td>4\u00ba<\/td>\n<td>15.162<\/td>\n<\/tr>\n<tr>\n<td>Zabel\u00ea<\/td>\n<td>7\u00ba<\/td>\n<td>16.224<\/td>\n<\/tr>\n<tr>\n<td>Parari<\/td>\n<td>8\u00ba<\/td>\n<td>16.546<\/td>\n<\/tr>\n<tr>\n<td>Coxixola<\/td>\n<td>9\u00ba<\/td>\n<td>16.587<\/td>\n<\/tr>\n<tr>\n<td>S\u00e3o Jos\u00e9 do Brejo do Cruz<\/td>\n<td>14\u00ba<\/td>\n<td>17.175<\/td>\n<\/tr>\n<tr>\n<td>Quixaba<\/td>\n<td>16\u00ba<\/td>\n<td>18.108<\/td>\n<\/tr>\n<tr>\n<td>Riacho de Santo Ant\u00f4nio<\/td>\n<td>19\u00ba<\/td>\n<td>19.091<\/td>\n<\/tr>\n<tr>\n<td>S\u00e3o Jos\u00e9 do Bonfim<\/td>\n<td>27\u00ba<\/td>\n<td>20.179<\/td>\n<\/tr>\n<tr>\n<td>Amparo<\/td>\n<td>28\u00ba<\/td>\n<td>20.246<\/td>\n<\/tr>\n<tr>\n<td>Mato Grosso<\/td>\n<td>29\u00ba<\/td>\n<td>20.492<\/td>\n<\/tr>\n<\/tbody>\n<\/table>\n<\/div>\n<div class=\"show-table__footer\">\n<div class=\"show-table__source\">Fonte:IBGE<\/div>\n<div>\n<p><strong>CARIRI EM A\u00c7\u00c3O<\/strong><\/p>\n<p><em>Com<\/em> G1PB\u00a0<em>\/Foto: Google\u00a0\u00a0 <\/em><\/p>\n<p><strong>Leia mais not\u00edcias em\u00a0<\/strong><a href=\"http:\/\/www.caririemacao.com\/\"><strong>caririemacao.com<\/strong><\/a><strong>, siga nossa p\u00e1gina no\u00a0<\/strong><a href=\"https:\/\/www.facebook.com\/CaririEmAcao\/?ref=aymt_homepage_panel\"><strong>Facebook<\/strong><\/a>,<strong>\u00a0<\/strong><a href=\"https:\/\/www.instagram.com\/cariri_em_acao\/?hl=pt-br\"><strong>Instagram<\/strong><\/a><strong>\u00a0e <\/strong><a href=\"https:\/\/www.youtube.com\/channel\/UCAptA0jQuYQy8vMhLt2m4qg\"><strong>Youtube<\/strong><\/a><strong>\u00a0e veja nossas mat\u00e9rias, v\u00eddeos e fotos. Voc\u00ea tamb\u00e9m pode enviar informa\u00e7\u00f5es \u00e0 Reda\u00e7\u00e3o do Portal Cariri em A\u00e7\u00e3o pelo WhatsApp (83) 9 9634.5791, (83) 9 9601-1162.<\/strong><\/p>\n<\/div>\n<\/div>\n<\/div>\n<\/div>\n<\/div>\n<\/div>\n<\/div>\n<\/article>\n<\/div>\n","protected":false},"excerpt":{"rendered":"<p>A quinta cidade do pa\u00eds com o menor Produto Interno Bruto (PIB) em 2015 est\u00e1 na Para\u00edba, segundo resultado divulgado nesta quinta-feira (14) pelo Instituto&hellip; <\/p>\n","protected":false},"author":2,"featured_media":35077,"comment_status":"closed","ping_status":"closed","sticky":false,"template":"","format":"standard","meta":{"sfsi_plus_gutenberg_text_before_share":"","sfsi_plus_gutenberg_show_text_before_share":"","sfsi_plus_gutenberg_icon_type":"","sfsi_plus_gutenberg_icon_alignemt":"","sfsi_plus_gutenburg_max_per_row":"","footnotes":""},"categories":[6],"tags":[],"class_list":["post-35074","post","type-post","status-publish","format-standard","has-post-thumbnail","hentry","category-cidades"],"_links":{"self":[{"href":"https:\/\/www.caririemacao.com\/1\/wp-json\/wp\/v2\/posts\/35074","targetHints":{"allow":["GET"]}}],"collection":[{"href":"https:\/\/www.caririemacao.com\/1\/wp-json\/wp\/v2\/posts"}],"about":[{"href":"https:\/\/www.caririemacao.com\/1\/wp-json\/wp\/v2\/types\/post"}],"author":[{"embeddable":true,"href":"https:\/\/www.caririemacao.com\/1\/wp-json\/wp\/v2\/users\/2"}],"replies":[{"embeddable":true,"href":"https:\/\/www.caririemacao.com\/1\/wp-json\/wp\/v2\/comments?post=35074"}],"version-history":[{"count":0,"href":"https:\/\/www.caririemacao.com\/1\/wp-json\/wp\/v2\/posts\/35074\/revisions"}],"wp:featuredmedia":[{"embeddable":true,"href":"https:\/\/www.caririemacao.com\/1\/wp-json\/wp\/v2\/media\/35077"}],"wp:attachment":[{"href":"https:\/\/www.caririemacao.com\/1\/wp-json\/wp\/v2\/media?parent=35074"}],"wp:term":[{"taxonomy":"category","embeddable":true,"href":"https:\/\/www.caririemacao.com\/1\/wp-json\/wp\/v2\/categories?post=35074"},{"taxonomy":"post_tag","embeddable":true,"href":"https:\/\/www.caririemacao.com\/1\/wp-json\/wp\/v2\/tags?post=35074"}],"curies":[{"name":"wp","href":"https:\/\/api.w.org\/{rel}","templated":true}]}}