{"id":35076,"date":"2017-12-15T09:56:45","date_gmt":"2017-12-15T12:56:45","guid":{"rendered":"http:\/\/caririemacao.com\/1\/?p=35076"},"modified":"2017-12-15T09:59:40","modified_gmt":"2017-12-15T12:59:40","slug":"prefeitura-de-camalau-distribui-peixes-e-verduras-a-beneficiarios-do-bolsa-familia-2","status":"publish","type":"post","link":"https:\/\/www.caririemacao.com\/1\/2017\/12\/15\/prefeitura-de-camalau-distribui-peixes-e-verduras-a-beneficiarios-do-bolsa-familia-2\/","title":{"rendered":"Prefeitura de Camala\u00fa distribui peixes e verduras a benefici\u00e1rios do Bolsa Fam\u00edlia"},"content":{"rendered":"<p style=\"font-weight: 400;\">A Prefeitura Municipal de Camala\u00fa em parceria com a Companhia Nacional de Abastecimento (Conab), atrav\u00e9s da Secretaria de Trabalho e A\u00e7\u00e3o Social, realiza no dia de Hoje (15) uma distribui\u00e7\u00e3o de peixes e verduras aos benefici\u00e1rios do programa Bolsa Fam\u00edlia que residem na zona urbana.<\/p>\n<p style=\"font-weight: 400;\">Para serem contemplados com os itens, os benefici\u00e1rios compareceram no Centro de Educa\u00e7\u00e3o e Cultura, antigo Clube Municipal, munidos de cart\u00e3o do Bolsa Fam\u00edlia e documento de identifica\u00e7\u00e3o.<\/p>\n<p><strong>CARIRI EM A\u00c7\u00c3O<\/strong><\/p>\n<p><em>Com Cariri em Alerta \/Foto: Google\u00a0\u00a0 <\/em><\/p>\n<p><strong>Leia mais not\u00edcias em\u00a0<\/strong><a href=\"http:\/\/www.caririemacao.com\/\"><strong>caririemacao.com<\/strong><\/a><strong>, siga nossa p\u00e1gina no\u00a0<\/strong><a href=\"https:\/\/www.facebook.com\/CaririEmAcao\/?ref=aymt_homepage_panel\"><strong>Facebook<\/strong><\/a>,<strong>\u00a0<\/strong><a href=\"https:\/\/www.instagram.com\/cariri_em_acao\/?hl=pt-br\"><strong>Instagram<\/strong><\/a><strong>\u00a0e <\/strong><a href=\"https:\/\/www.youtube.com\/channel\/UCAptA0jQuYQy8vMhLt2m4qg\"><strong>Youtube<\/strong><\/a><strong>\u00a0e veja nossas mat\u00e9rias, v\u00eddeos e fotos. Voc\u00ea tamb\u00e9m pode enviar informa\u00e7\u00f5es \u00e0 Reda\u00e7\u00e3o do Portal Cariri em A\u00e7\u00e3o pelo WhatsApp (83) 9 9634.5791, (83) 9 9601-1162.<\/strong><\/p>\n","protected":false},"excerpt":{"rendered":"<p>A Prefeitura Municipal de Camala\u00fa em parceria com a Companhia Nacional de Abastecimento (Conab), atrav\u00e9s da Secretaria de Trabalho e A\u00e7\u00e3o Social, realiza no dia&hellip; <\/p>\n","protected":false},"author":2,"featured_media":14763,"comment_status":"closed","ping_status":"closed","sticky":false,"template":"","format":"standard","meta":{"sfsi_plus_gutenberg_text_before_share":"","sfsi_plus_gutenberg_show_text_before_share":"","sfsi_plus_gutenberg_icon_type":"","sfsi_plus_gutenberg_icon_alignemt":"","sfsi_plus_gutenburg_max_per_row":"","footnotes":""},"categories":[6],"tags":[],"class_list":["post-35076","post","type-post","status-publish","format-standard","has-post-thumbnail","hentry","category-cidades"],"_links":{"self":[{"href":"https:\/\/www.caririemacao.com\/1\/wp-json\/wp\/v2\/posts\/35076","targetHints":{"allow":["GET"]}}],"collection":[{"href":"https:\/\/www.caririemacao.com\/1\/wp-json\/wp\/v2\/posts"}],"about":[{"href":"https:\/\/www.caririemacao.com\/1\/wp-json\/wp\/v2\/types\/post"}],"author":[{"embeddable":true,"href":"https:\/\/www.caririemacao.com\/1\/wp-json\/wp\/v2\/users\/2"}],"replies":[{"embeddable":true,"href":"https:\/\/www.caririemacao.com\/1\/wp-json\/wp\/v2\/comments?post=35076"}],"version-history":[{"count":0,"href":"https:\/\/www.caririemacao.com\/1\/wp-json\/wp\/v2\/posts\/35076\/revisions"}],"wp:featuredmedia":[{"embeddable":true,"href":"https:\/\/www.caririemacao.com\/1\/wp-json\/wp\/v2\/media\/14763"}],"wp:attachment":[{"href":"https:\/\/www.caririemacao.com\/1\/wp-json\/wp\/v2\/media?parent=35076"}],"wp:term":[{"taxonomy":"category","embeddable":true,"href":"https:\/\/www.caririemacao.com\/1\/wp-json\/wp\/v2\/categories?post=35076"},{"taxonomy":"post_tag","embeddable":true,"href":"https:\/\/www.caririemacao.com\/1\/wp-json\/wp\/v2\/tags?post=35076"}],"curies":[{"name":"wp","href":"https:\/\/api.w.org\/{rel}","templated":true}]}}