{"id":35120,"date":"2017-12-16T00:54:02","date_gmt":"2017-12-16T03:54:02","guid":{"rendered":"http:\/\/caririemacao.com\/1\/?p=35120"},"modified":"2017-12-16T00:54:50","modified_gmt":"2017-12-16T03:54:50","slug":"cariri-em-acao-recebe-premio-no-cariri","status":"publish","type":"post","link":"https:\/\/www.caririemacao.com\/1\/2017\/12\/16\/cariri-em-acao-recebe-premio-no-cariri\/","title":{"rendered":"Cariri em A\u00e7\u00e3o recebe pr\u00eamio no Cariri"},"content":{"rendered":"<p>O portal de not\u00edcias Cariri em A\u00e7\u00e3o recebeu na noite desta sexta-feira, dia 15, o Trof\u00e9u \u201cOs Melhores da Copa Integra\u00e7\u00e3o de Futebol do Cariri 2017\u201d, como divulgador e incentivador do esporte na regi\u00e3o do Cariri.<\/p>\n<p>A cerim\u00f4nia de entrega do pr\u00eamio aconteceu na cidade de S\u00e3o Jo\u00e3o do Cariri e foi coordenada pelo respons\u00e1vel do evento, Fl\u00e1vio Leonardo.<\/p>\n<p>Para o diretor do Cariri em A\u00e7\u00e3o, a homenagem \u00e9 sin\u00f4nimo do trabalho e dedica\u00e7\u00e3o da equipe, que tem divulgando aqueles que fazem a diferen\u00e7a e s\u00e3o as refer\u00eancias em seus munic\u00edpios.<\/p>\n<p><a href=\"https:\/\/www.facebook.com\/pg\/CaririEmAcao\/photos\/?tab=album&amp;album_id=1147017848767570\"><strong>CLIQUE E VEJA FOTOS DO EVENTO.<\/strong><\/a><\/p>\n<p><strong>CARIRI EM A\u00c7\u00c3O<\/strong><\/p>\n<p><strong>Leia mais not\u00edcias em\u00a0<\/strong><a href=\"http:\/\/www.caririemacao.com\/\"><strong>caririemacao.com<\/strong><\/a><strong>, siga nossa p\u00e1gina no\u00a0<\/strong><a href=\"https:\/\/www.facebook.com\/CaririEmAcao\/?ref=aymt_homepage_panel\"><strong>Facebook<\/strong><\/a><strong>,\u00a0<\/strong><a href=\"https:\/\/www.instagram.com\/cariri_em_acao\/?hl=pt-br\"><strong>Instagram<\/strong><\/a><strong>\u00a0e <\/strong><a href=\"https:\/\/www.youtube.com\/channel\/UCAptA0jQuYQy8vMhLt2m4qg\"><strong>Youtube<\/strong><\/a><strong>\u00a0e veja nossas mat\u00e9rias, v\u00eddeos e fotos. Voc\u00ea tamb\u00e9m pode enviar informa\u00e7\u00f5es \u00e0 Reda\u00e7\u00e3o do Portal Cariri em A\u00e7\u00e3o pelo WhatsApp (83) 9 9634.5791, (83) 9 9601-1162.<\/strong><\/p>\n","protected":false},"excerpt":{"rendered":"<p>O portal de not\u00edcias Cariri em A\u00e7\u00e3o recebeu na noite desta sexta-feira, dia 15, o Trof\u00e9u \u201cOs Melhores da Copa Integra\u00e7\u00e3o de Futebol do Cariri&hellip; <\/p>\n","protected":false},"author":2,"featured_media":35125,"comment_status":"closed","ping_status":"closed","sticky":false,"template":"","format":"standard","meta":{"sfsi_plus_gutenberg_text_before_share":"","sfsi_plus_gutenberg_show_text_before_share":"","sfsi_plus_gutenberg_icon_type":"","sfsi_plus_gutenberg_icon_alignemt":"","sfsi_plus_gutenburg_max_per_row":"","footnotes":""},"categories":[2],"tags":[],"class_list":["post-35120","post","type-post","status-publish","format-standard","has-post-thumbnail","hentry","category-geral"],"_links":{"self":[{"href":"https:\/\/www.caririemacao.com\/1\/wp-json\/wp\/v2\/posts\/35120","targetHints":{"allow":["GET"]}}],"collection":[{"href":"https:\/\/www.caririemacao.com\/1\/wp-json\/wp\/v2\/posts"}],"about":[{"href":"https:\/\/www.caririemacao.com\/1\/wp-json\/wp\/v2\/types\/post"}],"author":[{"embeddable":true,"href":"https:\/\/www.caririemacao.com\/1\/wp-json\/wp\/v2\/users\/2"}],"replies":[{"embeddable":true,"href":"https:\/\/www.caririemacao.com\/1\/wp-json\/wp\/v2\/comments?post=35120"}],"version-history":[{"count":0,"href":"https:\/\/www.caririemacao.com\/1\/wp-json\/wp\/v2\/posts\/35120\/revisions"}],"wp:featuredmedia":[{"embeddable":true,"href":"https:\/\/www.caririemacao.com\/1\/wp-json\/wp\/v2\/media\/35125"}],"wp:attachment":[{"href":"https:\/\/www.caririemacao.com\/1\/wp-json\/wp\/v2\/media?parent=35120"}],"wp:term":[{"taxonomy":"category","embeddable":true,"href":"https:\/\/www.caririemacao.com\/1\/wp-json\/wp\/v2\/categories?post=35120"},{"taxonomy":"post_tag","embeddable":true,"href":"https:\/\/www.caririemacao.com\/1\/wp-json\/wp\/v2\/tags?post=35120"}],"curies":[{"name":"wp","href":"https:\/\/api.w.org\/{rel}","templated":true}]}}