{"id":35122,"date":"2017-12-16T00:51:38","date_gmt":"2017-12-16T03:51:38","guid":{"rendered":"http:\/\/caririemacao.com\/1\/?p=35122"},"modified":"2017-12-16T00:52:25","modified_gmt":"2017-12-16T03:52:25","slug":"trofeu-os-melhores-da-copa-integracao-2017-e-realizado-com-a-presenca-de-18-cidades","status":"publish","type":"post","link":"https:\/\/www.caririemacao.com\/1\/2017\/12\/16\/trofeu-os-melhores-da-copa-integracao-2017-e-realizado-com-a-presenca-de-18-cidades\/","title":{"rendered":"Trof\u00e9u \u201cOs melhores da Copa Integra\u00e7\u00e3o 2017\u201d \u00e9 realizado com a presen\u00e7a de 18 cidades"},"content":{"rendered":"<p>A cidade de S\u00e3o Jo\u00e3o do Cariri, no Cariri Paraibano, foi a sede na noite desta sexta-feira, dia 15, de uma grande festa que premiou aqueles que t\u00eam feito a diferen\u00e7a para esporte na regi\u00e3o do Cariri, em especial, aqueles que contribu\u00edram para o sucesso da Copa Integra\u00e7\u00e3o de Futebol do Cariri 2017.<\/p>\n<p>Para homenagear todos que fizeram a diferen\u00e7a no futebol em 2017, o coordenador da Copa Integra\u00e7\u00e3o de Futebol do Cariri promoveu uma linda cerim\u00f4nia de entrega do Trof\u00e9u dos \u201cMelhores da Copa Integra\u00e7\u00e3o 2017\u201d.<\/p>\n<p><a href=\"http:\/\/caririemacao.com\/1\/wp-content\/uploads\/2017\/12\/25299293_1147026348766720_3239695011756230784_n.jpg\"><img fetchpriority=\"high\" decoding=\"async\" class=\"aligncenter wp-image-35128 size-full\" src=\"http:\/\/caririemacao.com\/1\/wp-content\/uploads\/2017\/12\/25299293_1147026348766720_3239695011756230784_n.jpg\" alt=\"\" width=\"800\" height=\"533\" srcset=\"https:\/\/www.caririemacao.com\/1\/wp-content\/uploads\/2017\/12\/25299293_1147026348766720_3239695011756230784_n.jpg 800w, https:\/\/www.caririemacao.com\/1\/wp-content\/uploads\/2017\/12\/25299293_1147026348766720_3239695011756230784_n-300x200.jpg 300w, https:\/\/www.caririemacao.com\/1\/wp-content\/uploads\/2017\/12\/25299293_1147026348766720_3239695011756230784_n-768x512.jpg 768w\" sizes=\"(max-width: 800px) 100vw, 800px\" \/><\/a><\/p>\n<p>A cerim\u00f4nia homenageou dezenas de jogadores, ex-jogadores, dirigentes, sele\u00e7\u00e3o da copa, destaque em arbitragem, secret\u00e1rios e diretores de esportes de 18 cidades da regi\u00e3o (Pocinhos, Soledade, Boa Vista, S\u00e3o Jo\u00e3o do Cariri, Parari, Sum\u00e9, Prata, Zabel\u00ea, S\u00e3o Sebasti\u00e3o do Umbuzeiro, S\u00e3o Jo\u00e3o do Tigre, Camala\u00fa, Serra Branca, Cara\u00fabas, S\u00e3o Domingos do Cariri, Barra de S\u00e3o Miguel, Cabaceiras, Boqueir\u00e3o e Riacho de Santo Antonio) e profissionais da imprensa, entre eles, o diretor do site Cariri em A\u00e7\u00e3o, Marivaldo Alc\u00e2ntara.<\/p>\n<p><a href=\"http:\/\/caririemacao.com\/1\/wp-content\/uploads\/2017\/12\/25348725_1147020642100624_3663325493789022938_n.jpg\"><img decoding=\"async\" class=\"aligncenter wp-image-35126 size-full lazyload\" data-src=\"http:\/\/caririemacao.com\/1\/wp-content\/uploads\/2017\/12\/25348725_1147020642100624_3663325493789022938_n.jpg\" alt=\"\" width=\"800\" height=\"533\" data-srcset=\"https:\/\/www.caririemacao.com\/1\/wp-content\/uploads\/2017\/12\/25348725_1147020642100624_3663325493789022938_n.jpg 800w, https:\/\/www.caririemacao.com\/1\/wp-content\/uploads\/2017\/12\/25348725_1147020642100624_3663325493789022938_n-300x200.jpg 300w, https:\/\/www.caririemacao.com\/1\/wp-content\/uploads\/2017\/12\/25348725_1147020642100624_3663325493789022938_n-768x512.jpg 768w\" data-sizes=\"(max-width: 800px) 100vw, 800px\" src=\"data:image\/svg+xml;base64,PHN2ZyB3aWR0aD0iMSIgaGVpZ2h0PSIxIiB4bWxucz0iaHR0cDovL3d3dy53My5vcmcvMjAwMC9zdmciPjwvc3ZnPg==\" style=\"--smush-placeholder-width: 800px; --smush-placeholder-aspect-ratio: 800\/533;\" \/><\/a><\/p>\n<p>Para Fl\u00e1vio Leonardo, coordenador da copa, a cerim\u00f4nia vem inovar, objetivando homenagear todos que contribu\u00edram para o sucesso do certame. \u201cEste momento \u00e9 impar no futebol do Cariri e que a integra\u00e7\u00e3o das cidades possa continuar, sempre valorizando a prata de casa, fortalecendo atletas novos com chance de seguir carreira profissional nesta Copa, considerada uma vitrine para o futebol amador do Cariri Paraibano\u201d, finalizou.<\/p>\n<p><a href=\"https:\/\/www.facebook.com\/pg\/CaririEmAcao\/photos\/?tab=album&amp;album_id=1147017848767570\"><strong>CLIQUE E\u00a0VEJA TODAS AS FOTOS.<\/strong><\/a><\/p>\n<p><strong>CARIRI EM A\u00c7\u00c3O<\/strong><\/p>\n<p><strong>Leia mais not\u00edcias em\u00a0<\/strong><a href=\"http:\/\/www.caririemacao.com\/\"><strong>caririemacao.com<\/strong><\/a><strong>, siga nossa p\u00e1gina no\u00a0<\/strong><a href=\"https:\/\/www.facebook.com\/CaririEmAcao\/?ref=aymt_homepage_panel\"><strong>Facebook<\/strong><\/a><strong>,\u00a0<\/strong><a href=\"https:\/\/www.instagram.com\/cariri_em_acao\/?hl=pt-br\"><strong>Instagram<\/strong><\/a><strong>\u00a0e <\/strong><a href=\"https:\/\/www.youtube.com\/channel\/UCAptA0jQuYQy8vMhLt2m4qg\"><strong>Youtube<\/strong><\/a><strong>\u00a0e veja nossas mat\u00e9rias, v\u00eddeos e fotos. Voc\u00ea tamb\u00e9m pode enviar informa\u00e7\u00f5es \u00e0 Reda\u00e7\u00e3o do Portal Cariri em A\u00e7\u00e3o pelo WhatsApp (83) 9 9634.5791, (83) 9 9601-1162.<\/strong><\/p>\n","protected":false},"excerpt":{"rendered":"<p>A cidade de S\u00e3o Jo\u00e3o do Cariri, no Cariri Paraibano, foi a sede na noite desta sexta-feira, dia 15, de uma grande festa que premiou&hellip; <\/p>\n","protected":false},"author":2,"featured_media":35124,"comment_status":"closed","ping_status":"closed","sticky":false,"template":"","format":"standard","meta":{"sfsi_plus_gutenberg_text_before_share":"","sfsi_plus_gutenberg_show_text_before_share":"","sfsi_plus_gutenberg_icon_type":"","sfsi_plus_gutenberg_icon_alignemt":"","sfsi_plus_gutenburg_max_per_row":"","footnotes":""},"categories":[2],"tags":[],"class_list":["post-35122","post","type-post","status-publish","format-standard","has-post-thumbnail","hentry","category-geral"],"_links":{"self":[{"href":"https:\/\/www.caririemacao.com\/1\/wp-json\/wp\/v2\/posts\/35122","targetHints":{"allow":["GET"]}}],"collection":[{"href":"https:\/\/www.caririemacao.com\/1\/wp-json\/wp\/v2\/posts"}],"about":[{"href":"https:\/\/www.caririemacao.com\/1\/wp-json\/wp\/v2\/types\/post"}],"author":[{"embeddable":true,"href":"https:\/\/www.caririemacao.com\/1\/wp-json\/wp\/v2\/users\/2"}],"replies":[{"embeddable":true,"href":"https:\/\/www.caririemacao.com\/1\/wp-json\/wp\/v2\/comments?post=35122"}],"version-history":[{"count":0,"href":"https:\/\/www.caririemacao.com\/1\/wp-json\/wp\/v2\/posts\/35122\/revisions"}],"wp:featuredmedia":[{"embeddable":true,"href":"https:\/\/www.caririemacao.com\/1\/wp-json\/wp\/v2\/media\/35124"}],"wp:attachment":[{"href":"https:\/\/www.caririemacao.com\/1\/wp-json\/wp\/v2\/media?parent=35122"}],"wp:term":[{"taxonomy":"category","embeddable":true,"href":"https:\/\/www.caririemacao.com\/1\/wp-json\/wp\/v2\/categories?post=35122"},{"taxonomy":"post_tag","embeddable":true,"href":"https:\/\/www.caririemacao.com\/1\/wp-json\/wp\/v2\/tags?post=35122"}],"curies":[{"name":"wp","href":"https:\/\/api.w.org\/{rel}","templated":true}]}}