{"id":35136,"date":"2017-12-16T10:13:52","date_gmt":"2017-12-16T13:13:52","guid":{"rendered":"http:\/\/caririemacao.com\/1\/?p=35136"},"modified":"2017-12-16T10:13:52","modified_gmt":"2017-12-16T13:13:52","slug":"quase-metade-da-populacao-da-pb-vive-abaixo-da-linha-da-pobreza","status":"publish","type":"post","link":"https:\/\/www.caririemacao.com\/1\/2017\/12\/16\/quase-metade-da-populacao-da-pb-vive-abaixo-da-linha-da-pobreza\/","title":{"rendered":"Quase metade da popula\u00e7\u00e3o da PB vive abaixo da linha da pobreza"},"content":{"rendered":"<p>Uma pesquisa divulgada nesta sexta-feira (15) pelo Instituto Brasileiro de Geografia e Estat\u00edstica (IBGE) mostrou que 46,4% dos paraibanos estavam vivendo na mis\u00e9ria em 2016, o que equivale 1,8 milh\u00e3o de pessoas nessa condi\u00e7\u00e3o.<\/p>\n<p>De acordo com o levantamento, que tamb\u00e9m analisou as capitais, Jo\u00e3o Pessoa tem 19,1 % da popula\u00e7\u00e3o abaixo da linha da pobreza. O percentual corresponde a cerca de 160 mil pessoas, j\u00e1 que a Capital tem pouco mais de 800 mil habitantes.<\/p>\n<p>O n\u00famero da regi\u00e3o Nordeste chega a superar o da Para\u00edba. S\u00e3o 47,8 % de nordestinos vivendo com menos de 5,5 d\u00f3lares (cerca de 18 reais) por dia, valor que, aplicado ao Brasil, caracteriza a linha de extrema pobreza. Os dados fazem parte da pesquisa S\u00edntese de Indicadores Sociais 2017 (SIS 2017), realizada pelo IBGE.<\/p>\n<p>Ao todo, 76% da popula\u00e7\u00e3o paraibana vivem mensalmente com no m\u00e1ximo um sal\u00e1rio m\u00ednimo. J\u00e1 24% das pessoas t\u00eam uma renda de mais de um sal\u00e1rio m\u00ednimo, sendo que apenas 2,2% det\u00eam maior poder econ\u00f4mico no estado, ganhando mais de cinco sal\u00e1rios m\u00ednimos.<\/p>\n<p><strong>24,8 milh\u00f5es de brasileiros vivem na mis\u00e9ria<\/strong><\/p>\n<p>Ainda de acordo com a SIS 2017, o Brasil tem 12,1% da popula\u00e7\u00e3o do pa\u00eds que vive na extrema mis\u00e9ria, o que significa que 24,8 milh\u00f5es de brasileiros que est\u00e3o abaixo da linha da pobreza.<\/p>\n<p><strong>CARIRI EM A\u00c7\u00c3O<\/strong><\/p>\n<p><em>Com Portal Correio\/Foto:\u00a0Ag\u00eancia Brasil<\/em><\/p>\n<p><strong>Leia mais not\u00edcias em\u00a0<\/strong><a href=\"http:\/\/www.caririemacao.com\/\"><strong>caririemacao.com<\/strong><\/a><strong>, siga nossa p\u00e1gina no\u00a0<\/strong><a href=\"https:\/\/www.facebook.com\/CaririEmAcao\/?ref=aymt_homepage_panel\"><strong>Facebook<\/strong><\/a>,<strong>\u00a0<\/strong><a href=\"https:\/\/www.instagram.com\/cariri_em_acao\/?hl=pt-br\"><strong>Instagram<\/strong><\/a><strong>\u00a0e <\/strong><a href=\"https:\/\/www.youtube.com\/channel\/UCAptA0jQuYQy8vMhLt2m4qg\"><strong>Youtube<\/strong><\/a><strong>\u00a0e veja nossas mat\u00e9rias, v\u00eddeos e fotos. Voc\u00ea tamb\u00e9m pode enviar informa\u00e7\u00f5es \u00e0 Reda\u00e7\u00e3o do Portal Cariri em A\u00e7\u00e3o pelo WhatsApp (83) 9 9634.5791, (83) 9 9601-1162.<\/strong><\/p>\n","protected":false},"excerpt":{"rendered":"<p>Uma pesquisa divulgada nesta sexta-feira (15) pelo Instituto Brasileiro de Geografia e Estat\u00edstica (IBGE) mostrou que 46,4% dos paraibanos estavam vivendo na mis\u00e9ria em 2016,&hellip; <\/p>\n","protected":false},"author":2,"featured_media":35137,"comment_status":"closed","ping_status":"closed","sticky":false,"template":"","format":"standard","meta":{"sfsi_plus_gutenberg_text_before_share":"","sfsi_plus_gutenberg_show_text_before_share":"","sfsi_plus_gutenberg_icon_type":"","sfsi_plus_gutenberg_icon_alignemt":"","sfsi_plus_gutenburg_max_per_row":"","footnotes":""},"categories":[2],"tags":[],"class_list":["post-35136","post","type-post","status-publish","format-standard","has-post-thumbnail","hentry","category-geral"],"_links":{"self":[{"href":"https:\/\/www.caririemacao.com\/1\/wp-json\/wp\/v2\/posts\/35136","targetHints":{"allow":["GET"]}}],"collection":[{"href":"https:\/\/www.caririemacao.com\/1\/wp-json\/wp\/v2\/posts"}],"about":[{"href":"https:\/\/www.caririemacao.com\/1\/wp-json\/wp\/v2\/types\/post"}],"author":[{"embeddable":true,"href":"https:\/\/www.caririemacao.com\/1\/wp-json\/wp\/v2\/users\/2"}],"replies":[{"embeddable":true,"href":"https:\/\/www.caririemacao.com\/1\/wp-json\/wp\/v2\/comments?post=35136"}],"version-history":[{"count":0,"href":"https:\/\/www.caririemacao.com\/1\/wp-json\/wp\/v2\/posts\/35136\/revisions"}],"wp:featuredmedia":[{"embeddable":true,"href":"https:\/\/www.caririemacao.com\/1\/wp-json\/wp\/v2\/media\/35137"}],"wp:attachment":[{"href":"https:\/\/www.caririemacao.com\/1\/wp-json\/wp\/v2\/media?parent=35136"}],"wp:term":[{"taxonomy":"category","embeddable":true,"href":"https:\/\/www.caririemacao.com\/1\/wp-json\/wp\/v2\/categories?post=35136"},{"taxonomy":"post_tag","embeddable":true,"href":"https:\/\/www.caririemacao.com\/1\/wp-json\/wp\/v2\/tags?post=35136"}],"curies":[{"name":"wp","href":"https:\/\/api.w.org\/{rel}","templated":true}]}}