{"id":35141,"date":"2017-12-16T10:16:41","date_gmt":"2017-12-16T13:16:41","guid":{"rendered":"http:\/\/caririemacao.com\/1\/?p=35141"},"modified":"2017-12-16T10:16:41","modified_gmt":"2017-12-16T13:16:41","slug":"van-da-prefeitura-de-sume-se-envolve-em-acidente-em-campina-grande","status":"publish","type":"post","link":"https:\/\/www.caririemacao.com\/1\/2017\/12\/16\/van-da-prefeitura-de-sume-se-envolve-em-acidente-em-campina-grande\/","title":{"rendered":"Van da prefeitura de Sum\u00e9 se envolve em acidente em Campina Grande"},"content":{"rendered":"<div class=\"contentPost\">\n<p>Uma van pertencente \u00e0 prefeitura municipal de Sum\u00e9 se envolveu em um acidente na manh\u00e3 deste s\u00e1bado (16), na cidade de Campina Grande. A van levava pacientes que hemodi\u00e1lise.<\/p>\n<p>Conforme informa\u00e7\u00f5es, a van se chocou com um carro de passeio. Todos ocupantes da van est\u00e3o bem, apenas um dos pacientes teve um corte na cabe\u00e7a.<\/p>\n<p>N\u00e3o h\u00e1 at\u00e9 o momento, mas detalhes sobre acidente.<\/p>\n<p><strong>CARIRI EM A\u00c7\u00c3O<\/strong><\/p>\n<p><em>Com Cariri Ligado\/Foto: Reprodu\u00e7\u00e3o\u00a0<\/em><\/p>\n<p><strong>Leia mais not\u00edcias em\u00a0<\/strong><a href=\"http:\/\/www.caririemacao.com\/\"><strong>caririemacao.com<\/strong><\/a><strong>, siga nossa p\u00e1gina no\u00a0<\/strong><a href=\"https:\/\/www.facebook.com\/CaririEmAcao\/?ref=aymt_homepage_panel\"><strong>Facebook<\/strong><\/a>,<strong>\u00a0<\/strong><a href=\"https:\/\/www.instagram.com\/cariri_em_acao\/?hl=pt-br\"><strong>Instagram<\/strong><\/a><strong>\u00a0e <\/strong><a href=\"https:\/\/www.youtube.com\/channel\/UCAptA0jQuYQy8vMhLt2m4qg\"><strong>Youtube<\/strong><\/a><strong>\u00a0e veja nossas mat\u00e9rias, v\u00eddeos e fotos. Voc\u00ea tamb\u00e9m pode enviar informa\u00e7\u00f5es \u00e0 Reda\u00e7\u00e3o do Portal Cariri em A\u00e7\u00e3o pelo WhatsApp (83) 9 9634.5791, (83) 9 9601-1162.<\/strong><\/p>\n<\/div>\n","protected":false},"excerpt":{"rendered":"<p>Uma van pertencente \u00e0 prefeitura municipal de Sum\u00e9 se envolveu em um acidente na manh\u00e3 deste s\u00e1bado (16), na cidade de Campina Grande. A van&hellip; <\/p>\n","protected":false},"author":2,"featured_media":35142,"comment_status":"closed","ping_status":"closed","sticky":false,"template":"","format":"standard","meta":{"sfsi_plus_gutenberg_text_before_share":"","sfsi_plus_gutenberg_show_text_before_share":"","sfsi_plus_gutenberg_icon_type":"","sfsi_plus_gutenberg_icon_alignemt":"","sfsi_plus_gutenburg_max_per_row":"","footnotes":""},"categories":[12],"tags":[],"class_list":["post-35141","post","type-post","status-publish","format-standard","has-post-thumbnail","hentry","category-policia"],"_links":{"self":[{"href":"https:\/\/www.caririemacao.com\/1\/wp-json\/wp\/v2\/posts\/35141","targetHints":{"allow":["GET"]}}],"collection":[{"href":"https:\/\/www.caririemacao.com\/1\/wp-json\/wp\/v2\/posts"}],"about":[{"href":"https:\/\/www.caririemacao.com\/1\/wp-json\/wp\/v2\/types\/post"}],"author":[{"embeddable":true,"href":"https:\/\/www.caririemacao.com\/1\/wp-json\/wp\/v2\/users\/2"}],"replies":[{"embeddable":true,"href":"https:\/\/www.caririemacao.com\/1\/wp-json\/wp\/v2\/comments?post=35141"}],"version-history":[{"count":0,"href":"https:\/\/www.caririemacao.com\/1\/wp-json\/wp\/v2\/posts\/35141\/revisions"}],"wp:featuredmedia":[{"embeddable":true,"href":"https:\/\/www.caririemacao.com\/1\/wp-json\/wp\/v2\/media\/35142"}],"wp:attachment":[{"href":"https:\/\/www.caririemacao.com\/1\/wp-json\/wp\/v2\/media?parent=35141"}],"wp:term":[{"taxonomy":"category","embeddable":true,"href":"https:\/\/www.caririemacao.com\/1\/wp-json\/wp\/v2\/categories?post=35141"},{"taxonomy":"post_tag","embeddable":true,"href":"https:\/\/www.caririemacao.com\/1\/wp-json\/wp\/v2\/tags?post=35141"}],"curies":[{"name":"wp","href":"https:\/\/api.w.org\/{rel}","templated":true}]}}