{"id":35152,"date":"2017-12-16T10:42:49","date_gmt":"2017-12-16T13:42:49","guid":{"rendered":"http:\/\/caririemacao.com\/1\/?p=35152"},"modified":"2017-12-16T10:42:49","modified_gmt":"2017-12-16T13:42:49","slug":"cancer-de-pele-podera-afetar-1758-mil-e-hospital-faz-campanha","status":"publish","type":"post","link":"https:\/\/www.caririemacao.com\/1\/2017\/12\/16\/cancer-de-pele-podera-afetar-1758-mil-e-hospital-faz-campanha\/","title":{"rendered":"C\u00e2ncer de pele poder\u00e1 afetar 175,8 mil e hospital faz campanha"},"content":{"rendered":"<p>O \u2018Dia D\u2019 da campanha Dezembro Laranja vai ser promovido neste domingo (16), \u00e0s 7h30, durante a a\u00e7\u00e3o intitulada \u2018Salve Sua Pele Para\u00edba\u2019, desenvolvida pelo Hospital Napole\u00e3o Laureano.<\/p>\n<p>O evento tem como objetivo alertar a popula\u00e7\u00e3o sobre o c\u00e2ncer de pele e falar dos cuidados necess\u00e1rios para prevenir a doen\u00e7a.<\/p>\n<p>O c\u00e2ncer de pele \u00e9 o mais comum entre todos os c\u00e2nceres. De acordo com o Instituto Nacional do C\u00e2ncer (Inca), a estimativa \u00e9 que sejam diagnosticados 175.760 casos novos a cada ano no Brasil, sendo 80.850 em homens e 94.910 em mulheres. O valor corresponde a 29% do total estimado de novos casos de c\u00e2ncer, que \u00e9 de 596.070 casos.<\/p>\n<p>Segundo a m\u00e9dica Kamila Magno, respons\u00e1vel pela a\u00e7\u00e3o, a campanha ter\u00e1 como enfoque dicas sobre a preven\u00e7\u00e3o da doen\u00e7a com objetivo de diminuir a incid\u00eancia de casos no estado.<\/p>\n<p>\u201cInfelizmente, as pessoas s\u00e3o desleixadas quando o assunto \u00e9 a pele e a prote\u00e7\u00e3o dela. Alguns hor\u00e1rios onde a radia\u00e7\u00e3o solar \u00e9 mais prejudicial como das 10h da manh\u00e3 \u00e0s 16h da tarde. A exposi\u00e7\u00e3o constante a essa radia\u00e7\u00e3o \u00e9 extremamente maligna para nossa pele\u201d, alertou a m\u00e9dica.<\/p>\n<p><strong><u>Entrevista com a m\u00e9dica Kamila Magno<\/u><\/strong><\/p>\n<p><strong>O que \u00e9 o c\u00e2ncer de pele?<\/strong><br \/>\nO c\u00e2ncer de pele \u00e9 o mais frequente de todos os outros. Pode afetar diferentes partes do corpo tendo em vista que s\u00e3o no \u00f3rg\u00e3o mais extenso do corpo.<\/p>\n<p><strong>Quais s\u00e3o os fatores de risco?<\/strong><br \/>\nOs principais fatores de risco s\u00e3o a exposi\u00e7\u00e3o solar devido \u00e0 famosa cultura do bronzeado, e muitas pessoas n\u00e3o sabem do real perigo dessa exposi\u00e7\u00e3o e constantemente se exp\u00f5em sem cuidado algum aos raios UV.<\/p>\n<p><strong>Quais s\u00e3o as principais formas de preven\u00e7\u00e3o?<\/strong><br \/>\nA preven\u00e7\u00e3o se d\u00e1 evitando o sol entre as 10 horas \u00e0s 16 horas, usar roupas de prote\u00e7\u00e3o UV, \u00f3culos, chap\u00e9u e tudo que puder garantir prote\u00e7\u00e3o ao sol. \u00c9 importante reaplicar de tr\u00eas em tr\u00eas horas o protetor solar.<\/p>\n<p><strong>Qual o cuidado que devemos ter com as crian\u00e7as?<\/strong><br \/>\nCom as crian\u00e7as s\u00e3o quase os mesmos cuidados, por\u00e9m, a pele delas \u00e9 um pouco mais fina e requer protetor especial par as crian\u00e7as e a utiliza\u00e7\u00e3o de um bloqueador f\u00edsico, como um guarda-sol, por exemplo.<\/p>\n<p><strong>O c\u00e2ncer de pele tem cura?<\/strong><br \/>\nNa maioria dos casos tem cura, por\u00e9m quando descoberto tardiamente pode ser fatal.<\/p>\n<p><strong>Quais s\u00e3o as formas de tratamento?<\/strong><br \/>\nA forma mais eficaz \u00e9 atrav\u00e9s da cirurgia, onde retiramos as c\u00e9lulas cancer\u00edgenas na pele com a remo\u00e7\u00e3o da \u00e1rea afetada.<\/p>\n<p><strong>CARIRI EM A\u00c7\u00c3O<\/strong><\/p>\n<p><em>Com Portal Correio \/Foto: Reprodu\u00e7\u00e3o, Divulga\u00e7\u00e3o, Google\u00a0\u00a0 <\/em><\/p>\n<p><strong>Leia mais not\u00edcias em\u00a0<\/strong><a href=\"http:\/\/www.caririemacao.com\/\"><strong>caririemacao.com<\/strong><\/a><strong>, siga nossa p\u00e1gina no\u00a0<\/strong><a href=\"https:\/\/www.facebook.com\/CaririEmAcao\/?ref=aymt_homepage_panel\"><strong>Facebook<\/strong><\/a>,<strong>\u00a0<\/strong><a href=\"https:\/\/www.instagram.com\/cariri_em_acao\/?hl=pt-br\"><strong>Instagram<\/strong><\/a><strong>\u00a0e <\/strong><a href=\"https:\/\/www.youtube.com\/channel\/UCAptA0jQuYQy8vMhLt2m4qg\"><strong>Youtube<\/strong><\/a><strong>\u00a0e veja nossas mat\u00e9rias, v\u00eddeos e fotos. Voc\u00ea tamb\u00e9m pode enviar informa\u00e7\u00f5es \u00e0 Reda\u00e7\u00e3o do Portal Cariri em A\u00e7\u00e3o pelo WhatsApp (83) 9 9634.5791, (83) 9 9601-1162.<\/strong><\/p>\n","protected":false},"excerpt":{"rendered":"<p>O \u2018Dia D\u2019 da campanha Dezembro Laranja vai ser promovido neste domingo (16), \u00e0s 7h30, durante a a\u00e7\u00e3o intitulada \u2018Salve Sua Pele Para\u00edba\u2019, desenvolvida pelo&hellip; <\/p>\n","protected":false},"author":2,"featured_media":35154,"comment_status":"closed","ping_status":"closed","sticky":false,"template":"","format":"standard","meta":{"sfsi_plus_gutenberg_text_before_share":"","sfsi_plus_gutenberg_show_text_before_share":"","sfsi_plus_gutenberg_icon_type":"","sfsi_plus_gutenberg_icon_alignemt":"","sfsi_plus_gutenburg_max_per_row":"","footnotes":""},"categories":[16],"tags":[],"class_list":["post-35152","post","type-post","status-publish","format-standard","has-post-thumbnail","hentry","category-saude"],"_links":{"self":[{"href":"https:\/\/www.caririemacao.com\/1\/wp-json\/wp\/v2\/posts\/35152","targetHints":{"allow":["GET"]}}],"collection":[{"href":"https:\/\/www.caririemacao.com\/1\/wp-json\/wp\/v2\/posts"}],"about":[{"href":"https:\/\/www.caririemacao.com\/1\/wp-json\/wp\/v2\/types\/post"}],"author":[{"embeddable":true,"href":"https:\/\/www.caririemacao.com\/1\/wp-json\/wp\/v2\/users\/2"}],"replies":[{"embeddable":true,"href":"https:\/\/www.caririemacao.com\/1\/wp-json\/wp\/v2\/comments?post=35152"}],"version-history":[{"count":0,"href":"https:\/\/www.caririemacao.com\/1\/wp-json\/wp\/v2\/posts\/35152\/revisions"}],"wp:featuredmedia":[{"embeddable":true,"href":"https:\/\/www.caririemacao.com\/1\/wp-json\/wp\/v2\/media\/35154"}],"wp:attachment":[{"href":"https:\/\/www.caririemacao.com\/1\/wp-json\/wp\/v2\/media?parent=35152"}],"wp:term":[{"taxonomy":"category","embeddable":true,"href":"https:\/\/www.caririemacao.com\/1\/wp-json\/wp\/v2\/categories?post=35152"},{"taxonomy":"post_tag","embeddable":true,"href":"https:\/\/www.caririemacao.com\/1\/wp-json\/wp\/v2\/tags?post=35152"}],"curies":[{"name":"wp","href":"https:\/\/api.w.org\/{rel}","templated":true}]}}