{"id":35157,"date":"2017-12-16T10:51:09","date_gmt":"2017-12-16T13:51:09","guid":{"rendered":"http:\/\/caririemacao.com\/1\/?p=35157"},"modified":"2017-12-16T10:51:09","modified_gmt":"2017-12-16T13:51:09","slug":"salario-minimo-em-2018-sera-menor-que-o-previsto","status":"publish","type":"post","link":"https:\/\/www.caririemacao.com\/1\/2017\/12\/16\/salario-minimo-em-2018-sera-menor-que-o-previsto\/","title":{"rendered":"Sal\u00e1rio m\u00ednimo em 2018 ser\u00e1 menor que o previsto"},"content":{"rendered":"<section class=\"l-noticia\">O Or\u00e7amento de 2018, aprovado na \u00faltima quarta-feira pelo Congresso Nacional, prev\u00ea um sal\u00e1rio m\u00ednimo de R$ 965 para o ano que vem. O valor representa um aumento de R$ 28 em rela\u00e7\u00e3o \u00e0 remunera\u00e7\u00e3o atual, de R$ 937. A lei aguarda san\u00e7\u00e3o do presidente Michel Temer.<\/p>\n<p>O valor estipulado para o sal\u00e1rio m\u00ednimo \u00e9 menor do que o inicialmente previsto pelo governo para o ano que vem na Lei de Diretrizes Or\u00e7ament\u00e1rias (LDO), de R$ 969. O ajuste se deu em raz\u00e3o de uma previs\u00e3o menor para a infla\u00e7\u00e3o deste ano, utilizada no c\u00e1lculo do m\u00ednimo. O sal\u00e1rio \u00e9 estimado com base no \u00cdndice Nacional de Pre\u00e7os ao Consumidor (INPC) do exerc\u00edcio anterior e no Produto Interno Bruto (PIB) de dois anos antes.<\/p>\n<p>O Or\u00e7amento aprovado tamb\u00e9m prev\u00ea um d\u00e9ficit prim\u00e1rio menor para o ano que vem. Apesar de a meta fiscal ser um rombo de R$ 159 bilh\u00f5es para o governo central (que re\u00fane Tesouro, Banco Central e Previd\u00eancia), o relator da mat\u00e9ria, deputado Cac\u00e1 Le\u00e3o (PP-BA), estimou que o governo conseguir\u00e1 chegar ao fim do ano com um resultado negativo menor, de R$ 157 bilh\u00f5es.<\/p>\n<p>Isso aconteceu porque o relator considerou que haver\u00e1 um crescimento maior da economia em 2018 do que o estimado pelo governo ao enviar a proposta ao Congresso. Em vez de uma alta de 2% na atividade econ\u00f4mica em 2018, o Or\u00e7amento considera 2,5%.<\/p>\n<p>Com isso, a estimativa para a receita sobe, automaticamente, em R$ 4,9 bilh\u00f5es. Desse total, cerca de R$ 2 bilh\u00f5es foram destinados ao cumprimento da meta fiscal. Ele explicou que n\u00e3o seria poss\u00edvel destinar o recurso para outro fim:<\/p>\n<p>\u2014 Coloquei R$ 2 bilh\u00f5es para o resultado prim\u00e1rio. N\u00e3o posso destinar para outra \u00e1rea \u2014 explicou o deputado.<\/p>\n<p><strong>CARIRI EM A\u00c7\u00c3O<\/strong><\/p>\n<p><em>Com O Globo\u00a0 \/Foto: Google\u00a0\u00a0 <\/em><\/p>\n<p><strong>Leia mais not\u00edcias em\u00a0<\/strong><a href=\"http:\/\/www.caririemacao.com\/\"><strong>caririemacao.com<\/strong><\/a><strong>, siga nossa p\u00e1gina no\u00a0<\/strong><a href=\"https:\/\/www.facebook.com\/CaririEmAcao\/?ref=aymt_homepage_panel\"><strong>Facebook<\/strong><\/a>,<strong>\u00a0<\/strong><a href=\"https:\/\/www.instagram.com\/cariri_em_acao\/?hl=pt-br\"><strong>Instagram<\/strong><\/a><strong>\u00a0e <\/strong><a href=\"https:\/\/www.youtube.com\/channel\/UCAptA0jQuYQy8vMhLt2m4qg\"><strong>Youtube<\/strong><\/a><strong>\u00a0e veja nossas mat\u00e9rias, v\u00eddeos e fotos. Voc\u00ea tamb\u00e9m pode enviar informa\u00e7\u00f5es \u00e0 Reda\u00e7\u00e3o do Portal Cariri em A\u00e7\u00e3o pelo WhatsApp (83) 9 9634.5791, (83) 9 9601-1162.<\/strong><\/p>\n<\/section>\n","protected":false},"excerpt":{"rendered":"<p>O Or\u00e7amento de 2018, aprovado na \u00faltima quarta-feira pelo Congresso Nacional, prev\u00ea um sal\u00e1rio m\u00ednimo de R$ 965 para o ano que vem. O valor&hellip; <\/p>\n","protected":false},"author":2,"featured_media":14475,"comment_status":"closed","ping_status":"closed","sticky":false,"template":"","format":"standard","meta":{"sfsi_plus_gutenberg_text_before_share":"","sfsi_plus_gutenberg_show_text_before_share":"","sfsi_plus_gutenberg_icon_type":"","sfsi_plus_gutenberg_icon_alignemt":"","sfsi_plus_gutenburg_max_per_row":"","footnotes":""},"categories":[2],"tags":[],"class_list":["post-35157","post","type-post","status-publish","format-standard","has-post-thumbnail","hentry","category-geral"],"_links":{"self":[{"href":"https:\/\/www.caririemacao.com\/1\/wp-json\/wp\/v2\/posts\/35157","targetHints":{"allow":["GET"]}}],"collection":[{"href":"https:\/\/www.caririemacao.com\/1\/wp-json\/wp\/v2\/posts"}],"about":[{"href":"https:\/\/www.caririemacao.com\/1\/wp-json\/wp\/v2\/types\/post"}],"author":[{"embeddable":true,"href":"https:\/\/www.caririemacao.com\/1\/wp-json\/wp\/v2\/users\/2"}],"replies":[{"embeddable":true,"href":"https:\/\/www.caririemacao.com\/1\/wp-json\/wp\/v2\/comments?post=35157"}],"version-history":[{"count":0,"href":"https:\/\/www.caririemacao.com\/1\/wp-json\/wp\/v2\/posts\/35157\/revisions"}],"wp:featuredmedia":[{"embeddable":true,"href":"https:\/\/www.caririemacao.com\/1\/wp-json\/wp\/v2\/media\/14475"}],"wp:attachment":[{"href":"https:\/\/www.caririemacao.com\/1\/wp-json\/wp\/v2\/media?parent=35157"}],"wp:term":[{"taxonomy":"category","embeddable":true,"href":"https:\/\/www.caririemacao.com\/1\/wp-json\/wp\/v2\/categories?post=35157"},{"taxonomy":"post_tag","embeddable":true,"href":"https:\/\/www.caririemacao.com\/1\/wp-json\/wp\/v2\/tags?post=35157"}],"curies":[{"name":"wp","href":"https:\/\/api.w.org\/{rel}","templated":true}]}}