{"id":35162,"date":"2017-12-17T00:35:05","date_gmt":"2017-12-17T03:35:05","guid":{"rendered":"http:\/\/caririemacao.com\/1\/?p=35162"},"modified":"2017-12-17T00:35:05","modified_gmt":"2017-12-17T03:35:05","slug":"pt-aprova-resolucao-para-apoiar-candidatura-de-lula-em-2018","status":"publish","type":"post","link":"https:\/\/www.caririemacao.com\/1\/2017\/12\/17\/pt-aprova-resolucao-para-apoiar-candidatura-de-lula-em-2018\/","title":{"rendered":"PT aprova resolu\u00e7\u00e3o para apoiar candidatura de Lula em 2018"},"content":{"rendered":"<p>O Partido dos Trabalhadores aprovou resolu\u00e7\u00e3o neste s\u00e1bado em apoio \u00e0 candidatura ao Planalto do ex-presidente Luiz In\u00e1cio Lula da Silva em 2018.<\/p>\n<p>A resolu\u00e7\u00e3o adotada na reuni\u00e3o do Diret\u00f3rio Nacional do Partido, reunido na sexta-feira e neste s\u00e1bado em S\u00e3o Paulo, convoca ainda seus filiados a contruibu\u00edrem para uma &#8220;t\u00e1tica eleitoral&#8221; que permita a elei\u00e7\u00e3o de fortes bancadas parlamentares &#8220;de esquerda&#8221;, de forma a modificar o atual quadro conservador do Congresso Nacional.<\/p>\n<p>&#8220;Chegamos ao ano eleitoral de 2018 com a candidatura do presidente Lula consolidada de tal forma que n\u00e3o pertence mais ao PT; pertence ao povo brasileiro. Cabe a n\u00f3s defender a candidatura contra os ataques sistem\u00e1ticos dos golpistas, que v\u00e3o usar todos os meios para tentar impedir que o povo manifeste sua vontade nas elei\u00e7\u00f5es&#8221;, diz a resolu\u00e7\u00e3o.<\/p>\n<p>&#8220;A in\u00e9dita celeridade com que o Tribunal Regional Federal da 4a Regi\u00e3o marcou o julgamento \u00e9 mais um casu\u00edsmo imposto ao Presidente Lula por setores do sistema judicial. Se ousarem condenar Lula, estar\u00e3o comprovando a natureza pol\u00edtica de todo o processo.&#8221;<\/p>\n<p>O Tribunal Regional Federal da 4\u00aa Regi\u00e3o marcou para o dia 24 de janeiro o julgamento de recurso do ex-presidente Lula na a\u00e7\u00e3o em que o petista foi condenado pelo juiz S\u00e9rgio Moro no caso do tr\u00edplex do Guaruj\u00e1.<\/p>\n<p>Lula vem liderando os cen\u00e1rios de disputas em pesquisas eleitorais.<\/p>\n<p><strong>CARIRI EM A\u00c7\u00c3O<\/strong><\/p>\n<p><em>Com Reuters\/Foto: Google\u00a0\u00a0<\/em><\/p>\n<p><strong>Leia mais not\u00edcias em\u00a0<\/strong><a href=\"http:\/\/www.caririemacao.com\/\"><strong>caririemacao.com<\/strong><\/a><strong>, siga nossa p\u00e1gina no\u00a0<\/strong><a href=\"https:\/\/www.facebook.com\/CaririEmAcao\/?ref=aymt_homepage_panel\"><strong>Facebook<\/strong><\/a>,<strong>\u00a0<\/strong><a href=\"https:\/\/www.instagram.com\/cariri_em_acao\/?hl=pt-br\"><strong>Instagram<\/strong><\/a><strong>\u00a0e\u00a0<\/strong><a href=\"https:\/\/www.youtube.com\/channel\/UCAptA0jQuYQy8vMhLt2m4qg\"><strong>Youtube<\/strong><\/a><strong>\u00a0e veja nossas mat\u00e9rias, v\u00eddeos e fotos. Voc\u00ea tamb\u00e9m pode enviar informa\u00e7\u00f5es \u00e0 Reda\u00e7\u00e3o do Portal Cariri em A\u00e7\u00e3o pelo WhatsApp (83) 9 9634.5791, (83) 9 9601-1162.<\/strong><\/p>\n","protected":false},"excerpt":{"rendered":"<p>O Partido dos Trabalhadores aprovou resolu\u00e7\u00e3o neste s\u00e1bado em apoio \u00e0 candidatura ao Planalto do ex-presidente Luiz In\u00e1cio Lula da Silva em 2018. A resolu\u00e7\u00e3o&hellip; <\/p>\n","protected":false},"author":2,"featured_media":34617,"comment_status":"closed","ping_status":"closed","sticky":false,"template":"","format":"standard","meta":{"sfsi_plus_gutenberg_text_before_share":"","sfsi_plus_gutenberg_show_text_before_share":"","sfsi_plus_gutenberg_icon_type":"","sfsi_plus_gutenberg_icon_alignemt":"","sfsi_plus_gutenburg_max_per_row":"","footnotes":""},"categories":[11],"tags":[],"class_list":["post-35162","post","type-post","status-publish","format-standard","has-post-thumbnail","hentry","category-politica"],"_links":{"self":[{"href":"https:\/\/www.caririemacao.com\/1\/wp-json\/wp\/v2\/posts\/35162","targetHints":{"allow":["GET"]}}],"collection":[{"href":"https:\/\/www.caririemacao.com\/1\/wp-json\/wp\/v2\/posts"}],"about":[{"href":"https:\/\/www.caririemacao.com\/1\/wp-json\/wp\/v2\/types\/post"}],"author":[{"embeddable":true,"href":"https:\/\/www.caririemacao.com\/1\/wp-json\/wp\/v2\/users\/2"}],"replies":[{"embeddable":true,"href":"https:\/\/www.caririemacao.com\/1\/wp-json\/wp\/v2\/comments?post=35162"}],"version-history":[{"count":0,"href":"https:\/\/www.caririemacao.com\/1\/wp-json\/wp\/v2\/posts\/35162\/revisions"}],"wp:featuredmedia":[{"embeddable":true,"href":"https:\/\/www.caririemacao.com\/1\/wp-json\/wp\/v2\/media\/34617"}],"wp:attachment":[{"href":"https:\/\/www.caririemacao.com\/1\/wp-json\/wp\/v2\/media?parent=35162"}],"wp:term":[{"taxonomy":"category","embeddable":true,"href":"https:\/\/www.caririemacao.com\/1\/wp-json\/wp\/v2\/categories?post=35162"},{"taxonomy":"post_tag","embeddable":true,"href":"https:\/\/www.caririemacao.com\/1\/wp-json\/wp\/v2\/tags?post=35162"}],"curies":[{"name":"wp","href":"https:\/\/api.w.org\/{rel}","templated":true}]}}