{"id":35164,"date":"2017-12-17T00:40:11","date_gmt":"2017-12-17T03:40:11","guid":{"rendered":"http:\/\/caririemacao.com\/1\/?p=35164"},"modified":"2017-12-17T00:40:11","modified_gmt":"2017-12-17T03:40:11","slug":"juiza-condena-trabalhador-que-se-acidentou-a-pagar-20-mil-reais","status":"publish","type":"post","link":"https:\/\/www.caririemacao.com\/1\/2017\/12\/17\/juiza-condena-trabalhador-que-se-acidentou-a-pagar-20-mil-reais\/","title":{"rendered":"Ju\u00edza condena trabalhador que se acidentou a pagar 20 mil reais"},"content":{"rendered":"<p>Uma\u00a0ju\u00edza\u00a0de Canoas, Rio Grande do Sul, rejeitou pedido de um almoxarife que queria ser indenizado por causa de acidente quando estava a caminho do servi\u00e7o. Ao perder a a\u00e7\u00e3o, o trabalhador foi condenado a pagar 20.000 reais de honor\u00e1rios ao advogado da empresa. As informa\u00e7\u00f5es foram publicadas no site do\u00a0<em>Conjur<\/em>.<\/p>\n<p>De acordo com o portal, o funcion\u00e1rio ter\u00e1 um prazo de dois anos para se estruturar financeiramente. Se, ainda assim, ele n\u00e3o conseguir reunir o montante, a d\u00edvida ser\u00e1 extinta.<\/p>\n<p>O autor da a\u00e7\u00e3o sofreu um acidente de motocicleta em 2011, quando estava a caminho do trabalho. Geralmente, ele fazia o percurso com o \u00f4nibus da empresa. No dia do acidente, por\u00e9m, o motorista n\u00e3o passou no hor\u00e1rio combinado.<\/p>\n<p>Ap\u00f3s o acidente, ele ficou afastado e teve sequelas. Voltou ao trabalho meses depois com restri\u00e7\u00e3o parcial das atividades. Em 2015, ele foi demitido e, ent\u00e3o, entrou com processo cobrando pens\u00e3o vital\u00edcia, alegando que a empresa teve culpa no acidente.<\/p>\n<p>\u201c\u00c9 irrelevante na esp\u00e9cie o fato de o \u00f4nibus ter ou n\u00e3o passado na casa do autor, porquanto dito acidente tamb\u00e9m poderia ter ocorrido com \u00f4nibus em que os empregados da reclamada s\u00e3o levados ao trabalho e ainda assim a reclamada n\u00e3o teria responsabilidade, visto que decorrente do descuido do outro motorista que acessou a via principal, em confronto com o outro ve\u00edculo que j\u00e1 transitava nesta mesma via\u201d, diz a senten\u00e7a da ju\u00edza Adriana Kunrath, da 5\u00aa Vara do Trabalho de Canoas, segundo o Conjur.<\/p>\n<p>O ex-funcion\u00e1rio\u00a0foi condenado a pagar 10% do valor da causa, de 200.000 reais. A ju\u00edza baseou a decis\u00e3o nas novas regras estabelecidas pela reforma trabalhista.<\/p>\n<p><strong>CARIRI EM A\u00c7\u00c3O<\/strong><\/p>\n<p><em>Com VEJA.com\/Foto: Google\u00a0\u00a0<\/em><\/p>\n<p><strong>Leia mais not\u00edcias em\u00a0<\/strong><a href=\"http:\/\/www.caririemacao.com\/\"><strong>caririemacao.com<\/strong><\/a><strong>, siga nossa p\u00e1gina no\u00a0<\/strong><a href=\"https:\/\/www.facebook.com\/CaririEmAcao\/?ref=aymt_homepage_panel\"><strong>Facebook<\/strong><\/a>,<strong>\u00a0<\/strong><a href=\"https:\/\/www.instagram.com\/cariri_em_acao\/?hl=pt-br\"><strong>Instagram<\/strong><\/a><strong>\u00a0e\u00a0<\/strong><a href=\"https:\/\/www.youtube.com\/channel\/UCAptA0jQuYQy8vMhLt2m4qg\"><strong>Youtube<\/strong><\/a><strong>\u00a0e veja nossas mat\u00e9rias, v\u00eddeos e fotos. Voc\u00ea tamb\u00e9m pode enviar informa\u00e7\u00f5es \u00e0 Reda\u00e7\u00e3o do Portal Cariri em A\u00e7\u00e3o pelo WhatsApp (83) 9 9634.5791, (83) 9 9601-1162.<\/strong><\/p>\n","protected":false},"excerpt":{"rendered":"<p>Uma\u00a0ju\u00edza\u00a0de Canoas, Rio Grande do Sul, rejeitou pedido de um almoxarife que queria ser indenizado por causa de acidente quando estava a caminho do servi\u00e7o.&hellip; <\/p>\n","protected":false},"author":2,"featured_media":35166,"comment_status":"closed","ping_status":"closed","sticky":false,"template":"","format":"standard","meta":{"sfsi_plus_gutenberg_text_before_share":"","sfsi_plus_gutenberg_show_text_before_share":"","sfsi_plus_gutenberg_icon_type":"","sfsi_plus_gutenberg_icon_alignemt":"","sfsi_plus_gutenburg_max_per_row":"","footnotes":""},"categories":[2],"tags":[],"class_list":["post-35164","post","type-post","status-publish","format-standard","has-post-thumbnail","hentry","category-geral"],"_links":{"self":[{"href":"https:\/\/www.caririemacao.com\/1\/wp-json\/wp\/v2\/posts\/35164","targetHints":{"allow":["GET"]}}],"collection":[{"href":"https:\/\/www.caririemacao.com\/1\/wp-json\/wp\/v2\/posts"}],"about":[{"href":"https:\/\/www.caririemacao.com\/1\/wp-json\/wp\/v2\/types\/post"}],"author":[{"embeddable":true,"href":"https:\/\/www.caririemacao.com\/1\/wp-json\/wp\/v2\/users\/2"}],"replies":[{"embeddable":true,"href":"https:\/\/www.caririemacao.com\/1\/wp-json\/wp\/v2\/comments?post=35164"}],"version-history":[{"count":0,"href":"https:\/\/www.caririemacao.com\/1\/wp-json\/wp\/v2\/posts\/35164\/revisions"}],"wp:featuredmedia":[{"embeddable":true,"href":"https:\/\/www.caririemacao.com\/1\/wp-json\/wp\/v2\/media\/35166"}],"wp:attachment":[{"href":"https:\/\/www.caririemacao.com\/1\/wp-json\/wp\/v2\/media?parent=35164"}],"wp:term":[{"taxonomy":"category","embeddable":true,"href":"https:\/\/www.caririemacao.com\/1\/wp-json\/wp\/v2\/categories?post=35164"},{"taxonomy":"post_tag","embeddable":true,"href":"https:\/\/www.caririemacao.com\/1\/wp-json\/wp\/v2\/tags?post=35164"}],"curies":[{"name":"wp","href":"https:\/\/api.w.org\/{rel}","templated":true}]}}