{"id":35165,"date":"2017-12-17T00:45:37","date_gmt":"2017-12-17T03:45:37","guid":{"rendered":"http:\/\/caririemacao.com\/1\/?p=35165"},"modified":"2017-12-17T00:45:37","modified_gmt":"2017-12-17T03:45:37","slug":"davila-fala-em-apoio-ao-pt-e-ataca-bolsonaro-parlamentar-invisivel","status":"publish","type":"post","link":"https:\/\/www.caririemacao.com\/1\/2017\/12\/17\/davila-fala-em-apoio-ao-pt-e-ataca-bolsonaro-parlamentar-invisivel\/","title":{"rendered":"D&#8217;\u00c1vila fala em apoio ao PT e ataca Bolsonaro: &#8216;Parlamentar invis\u00edvel&#8217;"},"content":{"rendered":"<p>A deputada estadual Manuela D\u2019\u00c1vila (PCdoB-RS) oficializou sua pr\u00e9-candidatura \u00e0 presid\u00eancia da Rep\u00fablica no \u00faltimo dia 8 de novembro. O an\u00fancio foi recebido com certa surpresa por boa parte dos eleitores, j\u00e1 que desde 1989 seu partido n\u00e3o lan\u00e7ava um candidato pr\u00f3prio ao Planalto.<\/p>\n<p>\u201cO PCdoB tem grandes nomes e eu me sinto honrada por ter sido a escolhida.\u201d Chegou a declarar a pr\u00e9-candidata, quando fez o comunicado aos seus eleitores.<\/p>\n<p>Com uma extensa trajet\u00f3ria p\u00fablica que n\u00e3o condiz com seus 36 anos, Manuela D\u2019\u00c1vila ingressou na pol\u00edtica aos 18 anos,\u00a0por meio do movimento estudantil, da Pontif\u00edcia Universidade Cat\u00f3lica do Rio Grande do Sul (PUC), em Porto Alegre. L\u00e1, formou-se em Jornalismo.<\/p>\n<p>Em 2001, aos 20 anos, Manuela filiou-se ao Partido Comunista do Brasil (PCdoB), onde ocupou a vice-presid\u00eancia Sul da Uni\u00e3o Nacional dos Estudantes (UNE). Desde ent\u00e3o foi vereadora, deputada federal\u00a0por duas vezes, deputada estadual, e agora pr\u00e9-candidata \u00e0 presid\u00eancia em 2018.<\/p>\n<p>Em\u00a0entrevista ao Not\u00edcias ao Minuto Brasil,\u00a0ela falou sobre as propostas da sua campanha, sobre um poss\u00edvel enfrentamento com o deputado Jair Bolsonaro (PSC), e\u00a0a respeito de uma poss\u00edvel\u00a0alian\u00e7as com\u00a0o ex-presidente Lula (PT).<\/p>\n<p>Com a confirma\u00e7\u00e3o da sua candidatura para a presid\u00eancia em 2018, como pretende finalizar seu mandato como deputada estadual?<\/p>\n<p>Estamos trabalhando com o mesmo afinco de sempre, participo das sess\u00f5es ordin\u00e1rias, das comiss\u00f5es. Eu e minha equipe estamos a mil. As agendas de campanha s\u00e3o feitas fora desse per\u00edodo.<\/p>\n<p>Quais s\u00e3o as suas propostas de campanha para 2018?<\/p>\n<p>O tema central \u00e9 a pol\u00edtica econ\u00f4mica, retomar o crescimento. Politicamente, a candidatura defende uma frente ampla, que \u00e9 a ideia de reunir setores da sociedade, sindicatos, movimentos sociais, gente comum. Como a gente faz para o Brasil entrar nesse per\u00edodo da revolu\u00e7\u00e3o 4.0, da tecnologia, da &#8216;quarta Revolu\u00e7\u00e3o Industrial&#8217;? Precisamos entender qual \u00e9 o papel do Estado na indu\u00e7\u00e3o desse crescimento. Precisamos saber qual \u00e9 o Estado que servir\u00e1 melhor ao povo. De forma mais eficiente? Claro. Mas o debate sobre o Estado n\u00e3o \u00e9 uma mera discuss\u00e3o sobre gest\u00e3o. A gest\u00e3o \u00e9 fundamental, o Estado tem que funcionar, ser harm\u00f4nico e ter menos burocracia. Mas a gente n\u00e3o pode fazer com que esse debate\u00a0d\u00ea a ideia\u00a0de que\u00a0ir\u00e1 resolver o problema da retomada do crescimento do Brasil. A gente est\u00e1 discutindo emprego. Melhorar gest\u00e3o n\u00e3o necessariamente gera emprego.<\/p>\n<p>O PCdoB nunca teve um candidato pr\u00f3prio\u00a0ao Planalto, desde\u00a0a\u00a0redemocratiza\u00e7\u00e3o. O que levou o partido a optar pela sua candidatura em 2018?<\/p>\n<p>No decorrer da constru\u00e7\u00e3o do congresso nacional do partido, avaliamos que a melhor forma de apresentar as sa\u00eddas que a gente interpreta como as melhores para a crise do Brasil seria lan\u00e7ando essa pr\u00e9-candidatura. Foi um processo de meses de conversas com a dire\u00e7\u00e3o do partido.<\/p>\n<p>O que o PCdoB, mesmo sendo um partido com 55 anos desde a sua funda\u00e7\u00e3o, pode trazer de novo para o cen\u00e1rio pol\u00edtico brasileiro?<\/p>\n<p>Temos um projeto para o Brasil sair da crise e para a constru\u00e7\u00e3o de uma unidade da na\u00e7\u00e3o. Acreditamos que \u00e9 importante que o pa\u00eds debata a retomada do seu crescimento. Defendemos tamb\u00e9m o debate profundo sobre medidas que Temer tomou e que prejudicam as cadeias produtivas mais din\u00e2micas do Brasil e a ind\u00fastria nacional, como \u00e9 o caso da TJLP (taxa de juros de longo prazo) e das opera\u00e7\u00f5es no BNDES. Esse debate tem muito a ver com a nossa juventude. A gente tem uma leva de jovens brasileiros que acaba deixando o Pa\u00eds pelo processo de desindustrializa\u00e7\u00e3o. Queremos debater como n\u00f3s vamos fazer para encontrar sa\u00eddas enquanto na\u00e7\u00e3o.<\/p>\n<p>O Brasil vive um momento de polariza\u00e7\u00e3o ideol\u00f3gica, em que uma extrema direita vem ganhando cada vez mais voz nas redes sociais e nas pesquisas eleitorais, com o deputado Jair Bolsonaro\u00a0bem posicionado. Como a senhora encara esse poss\u00edvel advers\u00e1rio para 2018?<\/p>\n<p>Ele \u00e9 usado como alternativa da extrema direita para que uma eventual candidatura de centro cres\u00e7a, mas sem ser de centro. O Alckmin, por exemplo, n\u00e3o \u00e9 um candidato de centro, mas, diante do Bolsonaro, ele pode parecer. Por isso precisamos debater ideias. Para que aqueles que defendem o fim do Estado n\u00e3o se passem por alternativas centristas, que n\u00e3o s\u00e3o. O Bolsonaro tem feito um esfor\u00e7o para aglutinar o \u00f3dio e o medo. Quando falei, no an\u00fancio da minha pr\u00e9-candidatura, que o bom senso da popula\u00e7\u00e3o \u00e9 o principal advers\u00e1rio do Bolsonaro, \u00e9 porque o medo e o \u00f3dio n\u00e3o s\u00e3o propostas para sair da crise que o Brasil vive. Fui colega dele por oito anos e sei que foi um parlamentar invis\u00edvel. Ele n\u00e3o tem propostas sequer para as \u00e1reas nas quais estimula o \u00f3dio. Qual \u00e9 a proposta dele para a seguran\u00e7a p\u00fablica?<\/p>\n<p>Essa \u00e9 a primeira vez, desde 1989, que o PCdoB e o PT\u00a0devem disputar, separados, o cargo de presidente. No caso de candidatura do Lula, o partido pensa em apoi\u00e1-lo, caso ocorra um segundo turno?<\/p>\n<p>Nosso campo deve estar unido no segundo turno.<\/p>\n<p>A deputada utiliza bastante as redes sociais para pautar assuntos relevantes aos seus eleitores. Como lida com os haters?<\/p>\n<p>Temos uma pol\u00edtica de relacionamento na nossa p\u00e1gina. Al\u00e9m disso, temos advogados que nos d\u00e3o suporte em como lidar com cada caso. Se o coment\u00e1rio for muito agressivo, analisamos a possibilidade de ingressarmos na Justi\u00e7a contra a pessoa. Minha p\u00e1gina \u00e9 aberta para o debate, para o debate sadio.<\/p>\n<p>Provavelmente a senhora ser\u00e1 a candidata mais nova que concorrer\u00e1 a presid\u00eancia em 2018. Acha que isso pode facilitar seu di\u00e1logo com os eleitores mais jovens?<\/p>\n<p>Sim, pode ajudar. Quero debater com a juventude em qual Brasil queremos viver, e ter ou criar nossos filhos.<\/p>\n<p>V\u00e1rios nomes bem conhecidos do p\u00fablico, mas com pouco envolvimento na pol\u00edtica, v\u00eam sendo apontados como poss\u00edveis candidatos para a presid\u00eancia. Como v\u00ea esse fen\u00f4meno? Acha que os eleitores est\u00e3o cansados dos nomes tradicionais da pol\u00edtica brasileira?<\/p>\n<p>O problema do Brasil \u00e9 pol\u00edtico. N\u00e3o vai se resolver essa crise por fora da pol\u00edtica. \u00c9 contradit\u00f3rio dizer que algu\u00e9m fora da pol\u00edtica v\u00e1 resolver a crise brasileira. Essa pessoa n\u00e3o vai se sentar com os presidentes de outros pa\u00edses? N\u00e3o vai se sentar com setores econ\u00f4micos do nosso pa\u00eds? Isso \u00e9 fazer pol\u00edtica. N\u00e3o h\u00e1 ningu\u00e9m mais &#8216;insider&#8217; da pol\u00edtica do que aquele que se diz &#8216;outsider&#8217; dela.<\/p>\n<p><strong>CARIRI EM A\u00c7\u00c3O<\/strong><\/p>\n<div class=\"authorinfo-txt\"><\/div>\n<p><em>Com Not\u00edcias ao Minuto\/Foto: Google\u00a0\u00a0<\/em><\/p>\n<p><strong>Leia mais not\u00edcias em\u00a0<\/strong><a href=\"http:\/\/www.caririemacao.com\/\"><strong>caririemacao.com<\/strong><\/a><strong>, siga nossa p\u00e1gina no\u00a0<\/strong><a href=\"https:\/\/www.facebook.com\/CaririEmAcao\/?ref=aymt_homepage_panel\"><strong>Facebook<\/strong><\/a>,<strong>\u00a0<\/strong><a href=\"https:\/\/www.instagram.com\/cariri_em_acao\/?hl=pt-br\"><strong>Instagram<\/strong><\/a><strong>\u00a0e\u00a0<\/strong><a href=\"https:\/\/www.youtube.com\/channel\/UCAptA0jQuYQy8vMhLt2m4qg\"><strong>Youtube<\/strong><\/a><strong>\u00a0e veja nossas mat\u00e9rias, v\u00eddeos e fotos. Voc\u00ea tamb\u00e9m pode enviar informa\u00e7\u00f5es \u00e0 Reda\u00e7\u00e3o do Portal Cariri em A\u00e7\u00e3o pelo WhatsApp (83) 9 9634.5791, (83) 9 9601-1162.<\/strong><\/p>\n","protected":false},"excerpt":{"rendered":"<p>A deputada estadual Manuela D\u2019\u00c1vila (PCdoB-RS) oficializou sua pr\u00e9-candidatura \u00e0 presid\u00eancia da Rep\u00fablica no \u00faltimo dia 8 de novembro. O an\u00fancio foi recebido com certa&hellip; <\/p>\n","protected":false},"author":2,"featured_media":35170,"comment_status":"closed","ping_status":"closed","sticky":false,"template":"","format":"standard","meta":{"sfsi_plus_gutenberg_text_before_share":"","sfsi_plus_gutenberg_show_text_before_share":"","sfsi_plus_gutenberg_icon_type":"","sfsi_plus_gutenberg_icon_alignemt":"","sfsi_plus_gutenburg_max_per_row":"","footnotes":""},"categories":[1],"tags":[],"class_list":["post-35165","post","type-post","status-publish","format-standard","has-post-thumbnail","hentry","category-o-site"],"_links":{"self":[{"href":"https:\/\/www.caririemacao.com\/1\/wp-json\/wp\/v2\/posts\/35165","targetHints":{"allow":["GET"]}}],"collection":[{"href":"https:\/\/www.caririemacao.com\/1\/wp-json\/wp\/v2\/posts"}],"about":[{"href":"https:\/\/www.caririemacao.com\/1\/wp-json\/wp\/v2\/types\/post"}],"author":[{"embeddable":true,"href":"https:\/\/www.caririemacao.com\/1\/wp-json\/wp\/v2\/users\/2"}],"replies":[{"embeddable":true,"href":"https:\/\/www.caririemacao.com\/1\/wp-json\/wp\/v2\/comments?post=35165"}],"version-history":[{"count":0,"href":"https:\/\/www.caririemacao.com\/1\/wp-json\/wp\/v2\/posts\/35165\/revisions"}],"wp:featuredmedia":[{"embeddable":true,"href":"https:\/\/www.caririemacao.com\/1\/wp-json\/wp\/v2\/media\/35170"}],"wp:attachment":[{"href":"https:\/\/www.caririemacao.com\/1\/wp-json\/wp\/v2\/media?parent=35165"}],"wp:term":[{"taxonomy":"category","embeddable":true,"href":"https:\/\/www.caririemacao.com\/1\/wp-json\/wp\/v2\/categories?post=35165"},{"taxonomy":"post_tag","embeddable":true,"href":"https:\/\/www.caririemacao.com\/1\/wp-json\/wp\/v2\/tags?post=35165"}],"curies":[{"name":"wp","href":"https:\/\/api.w.org\/{rel}","templated":true}]}}