{"id":35169,"date":"2017-12-17T00:48:00","date_gmt":"2017-12-17T03:48:00","guid":{"rendered":"http:\/\/caririemacao.com\/1\/?p=35169"},"modified":"2017-12-17T00:48:00","modified_gmt":"2017-12-17T03:48:00","slug":"para-maia-dem-pode-ter-nome-bom-ao-planalto","status":"publish","type":"post","link":"https:\/\/www.caririemacao.com\/1\/2017\/12\/17\/para-maia-dem-pode-ter-nome-bom-ao-planalto\/","title":{"rendered":"Para Maia, DEM pode ter nome bom ao Planalto"},"content":{"rendered":"<p>O presidente da C\u00e2mara dos Deputados, Rodrigo Maia (DEM-RJ), disse nesta sexta-feira, 15, em Fortaleza que o seu partido tem \u201ctoda a condi\u00e7\u00e3o de ter um bom candidato a presidente da Rep\u00fablica\u201d em 2018. Ele agradeceu a lembran\u00e7a de seu nome feita por aliados, mas descartou entrar na disputa.<\/p>\n<p>\u201cAgrade\u00e7o muito a lembran\u00e7a dos meus aliados, mas eu j\u00e1 disse a todos que eu sou candidato a deputado federal. Tenho ajudado o Brasil e o meu Estado como presidente da C\u00e2mara. Se eu conseguir renovar meu mandato de deputado, eu continuarei ajudando o Brasil nas grandes reformas e tamb\u00e9m o meu Estado\u201d, afirmou Maia ao\u00a0<strong>Estado<\/strong>, ap\u00f3s participar de uma cerim\u00f4nia no Pal\u00e1cio da Aboli\u00e7\u00e3o, sede do governo cearense.<\/p>\n<p>De acordo com ele, o partido precisa se organizar internamente. Ap\u00f3s o Supremo Tribunal Federal (STF) aceitar den\u00fancia contra o presidente do DEM, senador Jos\u00e9 Agripino Maia (RN), e torn\u00e1-lo r\u00e9u na Opera\u00e7\u00e3o Lava Jato, o DEM adiou a conven\u00e7\u00e3o nacional da sigla que estava marcada para quinta-feira passada. O encontro, agora, ser\u00e1 em fevereiro.<\/p>\n<p>Questionado se haveria tempo para se construir essa candidatura ao Planalto, uma vez que outros partidos j\u00e1 largaram na frente apresentando seus pr\u00e9-candidatos, Maia respondeu que sim. \u201cAcho que a sociedade s\u00f3 vai come\u00e7ar a olhar elei\u00e7\u00e3o l\u00e1 pelo m\u00eas de abril\u201d, disse.<\/p>\n<p>Al\u00e9m do evento no Pal\u00e1cio, onde acompanhou, ao lado do ministro da Educa\u00e7\u00e3o, Mendon\u00e7a Filho, libera\u00e7\u00e3o de verbas para o Cear\u00e1, Maia tamb\u00e9m foi \u00e0 Assembleia Legislativa, para participar da filia\u00e7\u00e3o do deputado federal Danilo Forte ao DEM.\u00a0Uma faixa com \u201cRodrigo Maia Presidente \u2013 coragem para mudar o Brasil\u201d foi estendida no fundo do audit\u00f3rio.<\/p>\n<p>Os oradores disseram que o partido precisa passar de \u201ccoadjuvante\u201d a \u201cprotagonista\u201d nas elei\u00e7\u00f5es presidenciais. \u201cTemos nomes que t\u00eam capacidade para exercer esse protagonismo\u201d, disse o deputado Efraim J\u00fanior, citando Maia, o prefeito de Salvador, ACM Neto, e o l\u00edder no Senado, Ronaldo Caiado (GO).<\/p>\n<div id=\"facebookWidget\" data-aop=\"facebookWidget\" data-id=\"1024\" data-m=\"{\"><strong>CARIRI EM A\u00c7\u00c3O<\/strong><\/div>\n<div data-aop=\"facebookWidget\" data-id=\"1024\" data-m=\"{\">\n<p><em>Com \u00a0Estad\u00e3o<\/em><em>\/Foto: Google\u00a0\u00a0<\/em><\/p>\n<p><strong>Leia mais not\u00edcias em\u00a0<\/strong><a href=\"http:\/\/www.caririemacao.com\/\"><strong>caririemacao.com<\/strong><\/a><strong>, siga nossa p\u00e1gina no\u00a0<\/strong><a href=\"https:\/\/www.facebook.com\/CaririEmAcao\/?ref=aymt_homepage_panel\"><strong>Facebook<\/strong><\/a>,<strong>\u00a0<\/strong><a href=\"https:\/\/www.instagram.com\/cariri_em_acao\/?hl=pt-br\"><strong>Instagram<\/strong><\/a><strong>\u00a0e\u00a0<\/strong><a href=\"https:\/\/www.youtube.com\/channel\/UCAptA0jQuYQy8vMhLt2m4qg\"><strong>Youtube<\/strong><\/a><strong>\u00a0e veja nossas mat\u00e9rias, v\u00eddeos e fotos. Voc\u00ea tamb\u00e9m pode enviar informa\u00e7\u00f5es \u00e0 Reda\u00e7\u00e3o do Portal Cariri em A\u00e7\u00e3o pelo WhatsApp (83) 9 9634.5791, (83) 9 9601-1162.<\/strong><\/p>\n<\/div>\n","protected":false},"excerpt":{"rendered":"<p>O presidente da C\u00e2mara dos Deputados, Rodrigo Maia (DEM-RJ), disse nesta sexta-feira, 15, em Fortaleza que o seu partido tem \u201ctoda a condi\u00e7\u00e3o de ter&hellip; <\/p>\n","protected":false},"author":2,"featured_media":33778,"comment_status":"closed","ping_status":"closed","sticky":false,"template":"","format":"standard","meta":{"sfsi_plus_gutenberg_text_before_share":"","sfsi_plus_gutenberg_show_text_before_share":"","sfsi_plus_gutenberg_icon_type":"","sfsi_plus_gutenberg_icon_alignemt":"","sfsi_plus_gutenburg_max_per_row":"","footnotes":""},"categories":[11],"tags":[],"class_list":["post-35169","post","type-post","status-publish","format-standard","has-post-thumbnail","hentry","category-politica"],"_links":{"self":[{"href":"https:\/\/www.caririemacao.com\/1\/wp-json\/wp\/v2\/posts\/35169","targetHints":{"allow":["GET"]}}],"collection":[{"href":"https:\/\/www.caririemacao.com\/1\/wp-json\/wp\/v2\/posts"}],"about":[{"href":"https:\/\/www.caririemacao.com\/1\/wp-json\/wp\/v2\/types\/post"}],"author":[{"embeddable":true,"href":"https:\/\/www.caririemacao.com\/1\/wp-json\/wp\/v2\/users\/2"}],"replies":[{"embeddable":true,"href":"https:\/\/www.caririemacao.com\/1\/wp-json\/wp\/v2\/comments?post=35169"}],"version-history":[{"count":0,"href":"https:\/\/www.caririemacao.com\/1\/wp-json\/wp\/v2\/posts\/35169\/revisions"}],"wp:featuredmedia":[{"embeddable":true,"href":"https:\/\/www.caririemacao.com\/1\/wp-json\/wp\/v2\/media\/33778"}],"wp:attachment":[{"href":"https:\/\/www.caririemacao.com\/1\/wp-json\/wp\/v2\/media?parent=35169"}],"wp:term":[{"taxonomy":"category","embeddable":true,"href":"https:\/\/www.caririemacao.com\/1\/wp-json\/wp\/v2\/categories?post=35169"},{"taxonomy":"post_tag","embeddable":true,"href":"https:\/\/www.caririemacao.com\/1\/wp-json\/wp\/v2\/tags?post=35169"}],"curies":[{"name":"wp","href":"https:\/\/api.w.org\/{rel}","templated":true}]}}