{"id":35175,"date":"2017-12-17T00:55:31","date_gmt":"2017-12-17T03:55:31","guid":{"rendered":"http:\/\/caririemacao.com\/1\/?p=35175"},"modified":"2017-12-17T00:55:31","modified_gmt":"2017-12-17T03:55:31","slug":"alckmin-assegura-punicao-a-pedro-cunha-lima-e-demais-que-votarem-contra-reforma","status":"publish","type":"post","link":"https:\/\/www.caririemacao.com\/1\/2017\/12\/17\/alckmin-assegura-punicao-a-pedro-cunha-lima-e-demais-que-votarem-contra-reforma\/","title":{"rendered":"Alckmin assegura puni\u00e7\u00e3o a Pedro Cunha Lima e demais que votarem contra reforma"},"content":{"rendered":"<p>O governador de S\u00e3o paulo e presidente nacional do PSDB, Geraldo Alckmin, afirmou que os parlamentares tucanos que votarem contra a reforma da Previd\u00eancia ser\u00e3o punidos pela legenda. &#8220;Ter\u00e1 puni\u00e7\u00e3o, mas n\u00f3s vamos estabelecer&#8230;o nosso momento n\u00e3o \u00e9 de discutir puni\u00e7\u00e3o, \u00e9 convencimento. \u00c9 convencimento&#8221;, disse Alckmin.<\/p>\n<p>A decis\u00e3o atinge o paraibano Pedro Cunha Lima, que j\u00e1 declarou voto contra a reforma. O PSDB fechou quest\u00e3o a favor da reforma previdenci\u00e1ria, mas n\u00e3o definiu puni\u00e7\u00f5es para os parlamentares que votarem de forma contr\u00e1ria \u00e0 decis\u00e3o partid\u00e1ria.<\/p>\n<p>O apoio do PSDB \u00e0 reforma da Previd\u00eancia \u00e9 considera fundamental pelo governo Michel Temer, que conta com os 46 deputados tucanos para obter os 308 votos necess\u00e1rios \u00e0 aprova\u00e7\u00e3o cuja vota\u00e7\u00e3o foi adiada para fevereiro do pr\u00f3ximo ano.<\/p>\n<p>&#8220;Era para votar em dezembro, ficou pra fevereiro, n\u00f3s continuamos favor\u00e1veis, se ficar pra mar\u00e7o continuaremos favor\u00e1veis. Entendemos que \u00e9 uma quest\u00e3o de justi\u00e7a, no sentido de ter um tratamento mais justo entre setor privado e p\u00fablico e para evitar o d\u00e9ficit, porque isso pode comprometer o equil\u00edbrio das finan\u00e7as p\u00fablicas&#8221;, justificou Alckmin.<\/p>\n<p><strong>CARIRI EM A\u00c7\u00c3O<\/strong><\/p>\n<p><em>Com Wscom\/Foto: Reprodu\u00e7\u00e3o\u00a0<\/em><\/p>\n<p><strong>Leia mais not\u00edcias em\u00a0<\/strong><a href=\"http:\/\/www.caririemacao.com\/\"><strong>caririemacao.com<\/strong><\/a><strong>, siga nossa p\u00e1gina no\u00a0<\/strong><a href=\"https:\/\/www.facebook.com\/CaririEmAcao\/?ref=aymt_homepage_panel\"><strong>Facebook<\/strong><\/a>,<strong>\u00a0<\/strong><a href=\"https:\/\/www.instagram.com\/cariri_em_acao\/?hl=pt-br\"><strong>Instagram<\/strong><\/a><strong>\u00a0e\u00a0<\/strong><a href=\"https:\/\/www.youtube.com\/channel\/UCAptA0jQuYQy8vMhLt2m4qg\"><strong>Youtube<\/strong><\/a><strong>\u00a0e veja nossas mat\u00e9rias, v\u00eddeos e fotos. Voc\u00ea tamb\u00e9m pode enviar informa\u00e7\u00f5es \u00e0 Reda\u00e7\u00e3o do Portal Cariri em A\u00e7\u00e3o pelo WhatsApp (83) 9 9634.5791, (83) 9 9601-1162.<\/strong><\/p>\n","protected":false},"excerpt":{"rendered":"<p>O governador de S\u00e3o paulo e presidente nacional do PSDB, Geraldo Alckmin, afirmou que os parlamentares tucanos que votarem contra a reforma da Previd\u00eancia ser\u00e3o&hellip; <\/p>\n","protected":false},"author":2,"featured_media":35179,"comment_status":"closed","ping_status":"closed","sticky":false,"template":"","format":"standard","meta":{"sfsi_plus_gutenberg_text_before_share":"","sfsi_plus_gutenberg_show_text_before_share":"","sfsi_plus_gutenberg_icon_type":"","sfsi_plus_gutenberg_icon_alignemt":"","sfsi_plus_gutenburg_max_per_row":"","footnotes":""},"categories":[11],"tags":[],"class_list":["post-35175","post","type-post","status-publish","format-standard","has-post-thumbnail","hentry","category-politica"],"_links":{"self":[{"href":"https:\/\/www.caririemacao.com\/1\/wp-json\/wp\/v2\/posts\/35175","targetHints":{"allow":["GET"]}}],"collection":[{"href":"https:\/\/www.caririemacao.com\/1\/wp-json\/wp\/v2\/posts"}],"about":[{"href":"https:\/\/www.caririemacao.com\/1\/wp-json\/wp\/v2\/types\/post"}],"author":[{"embeddable":true,"href":"https:\/\/www.caririemacao.com\/1\/wp-json\/wp\/v2\/users\/2"}],"replies":[{"embeddable":true,"href":"https:\/\/www.caririemacao.com\/1\/wp-json\/wp\/v2\/comments?post=35175"}],"version-history":[{"count":0,"href":"https:\/\/www.caririemacao.com\/1\/wp-json\/wp\/v2\/posts\/35175\/revisions"}],"wp:featuredmedia":[{"embeddable":true,"href":"https:\/\/www.caririemacao.com\/1\/wp-json\/wp\/v2\/media\/35179"}],"wp:attachment":[{"href":"https:\/\/www.caririemacao.com\/1\/wp-json\/wp\/v2\/media?parent=35175"}],"wp:term":[{"taxonomy":"category","embeddable":true,"href":"https:\/\/www.caririemacao.com\/1\/wp-json\/wp\/v2\/categories?post=35175"},{"taxonomy":"post_tag","embeddable":true,"href":"https:\/\/www.caririemacao.com\/1\/wp-json\/wp\/v2\/tags?post=35175"}],"curies":[{"name":"wp","href":"https:\/\/api.w.org\/{rel}","templated":true}]}}