{"id":35178,"date":"2017-12-17T01:00:23","date_gmt":"2017-12-17T04:00:23","guid":{"rendered":"http:\/\/caririemacao.com\/1\/?p=35178"},"modified":"2017-12-17T01:00:23","modified_gmt":"2017-12-17T04:00:23","slug":"justica-proibe-dentistas-de-aplicar-botox-em-pacientes","status":"publish","type":"post","link":"https:\/\/www.caririemacao.com\/1\/2017\/12\/17\/justica-proibe-dentistas-de-aplicar-botox-em-pacientes\/","title":{"rendered":"Justi\u00e7a pro\u00edbe dentistas de aplicar botox em pacientes"},"content":{"rendered":"<p>A Justi\u00e7a Federal no Rio Grande do Norte concedeu liminar para proibir a aplica\u00e7\u00e3o de botox e preenchedores faciais para fins est\u00e9ticos por dentistas. A decis\u00e3o, assinada nessa sexta-feira (15), atendeu a um pedido cautelar feito pela Sociedade Brasileira de Cirurgia Pl\u00e1stica (SBPC) contra o Conselho Federal de Odontologia (CFO).<\/p>\n<p>Na a\u00e7\u00e3o, a SBPC alegou que o uso da toxina botul\u00ednica (botox) e do \u00e1cido hialur\u00f4nico para procedimentos est\u00e9ticos invasivos na face extrapola a \u00e1rea de atua\u00e7\u00e3o dos dentistas, por tratar-se de atribui\u00e7\u00e3o dos profissionais formados em medicina. Al\u00e9m disso, a conduta coloca os pacientes em risco, segundo a entidade.<\/p>\n<p>Ao decidir a quest\u00e3o, a ju\u00edza Moniky Mayara Costa Fonseca, da 5\u00aa Vara Federal em Natal, concordou com os argumentos e decidiu suspender a Resolu\u00e7\u00e3o 176\/2016, do CFO, que permitiu os procedimentos est\u00e9ticos.<\/p>\n<p>A magistrada entendeu que a norma invade os limites legais da \u00e1rea de atua\u00e7\u00e3o dos m\u00e9dicos, mesmo advertindo os dentistas de que os procedimentos devem ser realizados dentro da \u00e1rea anat\u00f4mica de sua especialidade.<\/p>\n<p>\u201cA regulamenta\u00e7\u00e3o infralegal impugnada, ao possibilitar aos profissionais de odontologia, cuja forma\u00e7\u00e3o n\u00e3o visa \u00e0 realiza\u00e7\u00e3o de atos m\u00e9dicos, o exerc\u00edcio dos atos privativos dessa categoria profissional, p\u00f5e em risco a sa\u00fade da popula\u00e7\u00e3o\u201d, decidiu a ju\u00edza.<\/p>\n<p>Com a decis\u00e3o, as subst\u00e2ncias poder\u00e3o continuar sendo utilizadas pelos profissionais, mas somente para tratamentos odontol\u00f3gicos. Cabe recurso contra a decis\u00e3o.<\/p>\n<p>A reportagem n\u00e3o conseguiu contato com a assessoria do CFO para comentar a decis\u00e3o.<\/p>\n<p><strong>CARIRI EM A\u00c7\u00c3O<\/strong><\/p>\n<p><em>Com\u00a0Ag\u00eancia Brasil\/Foto: Reprodu\u00e7\u00e3o\u00a0<\/em><\/p>\n<p><strong>Leia mais not\u00edcias em\u00a0<\/strong><a href=\"http:\/\/www.caririemacao.com\/\"><strong>caririemacao.com<\/strong><\/a><strong>, siga nossa p\u00e1gina no\u00a0<\/strong><a href=\"https:\/\/www.facebook.com\/CaririEmAcao\/?ref=aymt_homepage_panel\"><strong>Facebook<\/strong><\/a>,<strong>\u00a0<\/strong><a href=\"https:\/\/www.instagram.com\/cariri_em_acao\/?hl=pt-br\"><strong>Instagram<\/strong><\/a><strong>\u00a0e\u00a0<\/strong><a href=\"https:\/\/www.youtube.com\/channel\/UCAptA0jQuYQy8vMhLt2m4qg\"><strong>Youtube<\/strong><\/a><strong>\u00a0e veja nossas mat\u00e9rias, v\u00eddeos e fotos. Voc\u00ea tamb\u00e9m pode enviar informa\u00e7\u00f5es \u00e0 Reda\u00e7\u00e3o do Portal Cariri em A\u00e7\u00e3o pelo WhatsApp (83) 9 9634.5791, (83) 9 9601-1162.<\/strong><\/p>\n","protected":false},"excerpt":{"rendered":"<p>A Justi\u00e7a Federal no Rio Grande do Norte concedeu liminar para proibir a aplica\u00e7\u00e3o de botox e preenchedores faciais para fins est\u00e9ticos por dentistas. A&hellip; <\/p>\n","protected":false},"author":2,"featured_media":35185,"comment_status":"closed","ping_status":"closed","sticky":false,"template":"","format":"standard","meta":{"sfsi_plus_gutenberg_text_before_share":"","sfsi_plus_gutenberg_show_text_before_share":"","sfsi_plus_gutenberg_icon_type":"","sfsi_plus_gutenberg_icon_alignemt":"","sfsi_plus_gutenburg_max_per_row":"","footnotes":""},"categories":[16],"tags":[],"class_list":["post-35178","post","type-post","status-publish","format-standard","has-post-thumbnail","hentry","category-saude"],"_links":{"self":[{"href":"https:\/\/www.caririemacao.com\/1\/wp-json\/wp\/v2\/posts\/35178","targetHints":{"allow":["GET"]}}],"collection":[{"href":"https:\/\/www.caririemacao.com\/1\/wp-json\/wp\/v2\/posts"}],"about":[{"href":"https:\/\/www.caririemacao.com\/1\/wp-json\/wp\/v2\/types\/post"}],"author":[{"embeddable":true,"href":"https:\/\/www.caririemacao.com\/1\/wp-json\/wp\/v2\/users\/2"}],"replies":[{"embeddable":true,"href":"https:\/\/www.caririemacao.com\/1\/wp-json\/wp\/v2\/comments?post=35178"}],"version-history":[{"count":0,"href":"https:\/\/www.caririemacao.com\/1\/wp-json\/wp\/v2\/posts\/35178\/revisions"}],"wp:featuredmedia":[{"embeddable":true,"href":"https:\/\/www.caririemacao.com\/1\/wp-json\/wp\/v2\/media\/35185"}],"wp:attachment":[{"href":"https:\/\/www.caririemacao.com\/1\/wp-json\/wp\/v2\/media?parent=35178"}],"wp:term":[{"taxonomy":"category","embeddable":true,"href":"https:\/\/www.caririemacao.com\/1\/wp-json\/wp\/v2\/categories?post=35178"},{"taxonomy":"post_tag","embeddable":true,"href":"https:\/\/www.caririemacao.com\/1\/wp-json\/wp\/v2\/tags?post=35178"}],"curies":[{"name":"wp","href":"https:\/\/api.w.org\/{rel}","templated":true}]}}