{"id":35182,"date":"2017-12-17T01:03:59","date_gmt":"2017-12-17T04:03:59","guid":{"rendered":"http:\/\/caririemacao.com\/1\/?p=35182"},"modified":"2017-12-17T01:03:59","modified_gmt":"2017-12-17T04:03:59","slug":"ricardo-inaugura-pavimentacao-dos-acessos-as-praias-do-conde-neste-sabado","status":"publish","type":"post","link":"https:\/\/www.caririemacao.com\/1\/2017\/12\/17\/ricardo-inaugura-pavimentacao-dos-acessos-as-praias-do-conde-neste-sabado\/","title":{"rendered":"Ricardo inaugura pavimenta\u00e7\u00e3o dos acessos \u00e0s praias do Conde neste s\u00e1bado"},"content":{"rendered":"<p>O governador Ricardo Coutinho inaugurou, na manh\u00e3 deste s\u00e1bado (16),\u00a0as obras de pavimenta\u00e7\u00e3o em paralelep\u00edpedos dos acessos \u00e0s praias de Carapibus I e II, Tabatinga I e II, Praia do Amor e Praia Bela, no Conde. As obras representam mais de R$ 3 milh\u00f5es de investimento e beneficiam cerca de 50 mil habitantes da regi\u00e3o, al\u00e9m dos turistas que visitam o Litoral Sul do Estado. O governador tamb\u00e9m inspecionou a obra de urbaniza\u00e7\u00e3o da orla de Jacum\u00e3 que recebe recursos na ordem de R$ 3,7 milh\u00f5es e deve ser conclu\u00edda em fevereiro de 2018.<\/p>\n<p>Na solenidade, o chefe do Executivo Estadual tamb\u00e9m assinou o termo de parceria entre o Governo do Estado e a Energisa para eficientiza\u00e7\u00e3o da ilumina\u00e7\u00e3o p\u00fablica do Conde e inaugurou a rede de distribui\u00e7\u00e3o el\u00e9trica de Jacum\u00e3 por parte da Energisa. O presidente da Assembleia Legislativa da Para\u00edba, Gerv\u00e1sio Maia, deputados estaduais e auxiliares do Governo estiveram presentes.<\/p>\n<p>Para o governador Ricardo Coutinho, essa \u00e1rea do Litoral Sul se caracteriza como uma das mais importantes para o turismo na Para\u00edba e, por isso, o investimento nos acessos foi essencial para contribuir com o desenvolvimento da regi\u00e3o. \u201cFizemos seis acessos \u00e0s praias e j\u00e1 estamos fazendo uma avenida transversal que vai interligar todas essas vias, com mais de 2 km de extens\u00e3o. Queremos que a infraestrutura do Conde fique pronta para receber turistas e para o bem estar dos moradores\u201d, comentou.<\/p>\n<p>Ainda de acordo com o governador, as obras de urbaniza\u00e7\u00e3o da orla de Jacum\u00e3 v\u00e3o dar uma nova vida para a \u00e1rea, incrementando e estimulando o crescimento do setor tur\u00edstico. \u201cA grande obra de reurbaniza\u00e7\u00e3o da orla de Jacum\u00e3, que visitamos hoje, vai dar um outro patamar \u00e0 cidade, preparando essa \u00e1rea para o turismo e novos investimentos. O ritmo das obras est\u00e1 acelerado e queremos voltar aqui em poucos meses para inaugurar a nova orla de Jacum\u00e3\u201d, disse.<\/p>\n<p>O secret\u00e1rio de Infraestrutura, Recursos H\u00eddricos, Meio Ambiente, Ci\u00eancia e Tecnologia, Jo\u00e3o Azev\u00eado, ressaltou que as obras modernizam a infraestrutura da regi\u00e3o que \u00e9 um grande polo de atra\u00e7\u00e3o tur\u00edstica. \u201cA Para\u00edba se desenvolve com muito trabalho, s\u00e3o investimentos em todas as \u00e1reas e aqui no Conde n\u00e3o \u00e9 diferente. Na \u00e9poca de inverno, o acesso para estas praias era muito complicado, porque as pessoas tinham dificuldade para passar devido a lama, e no ver\u00e3o a poeira e os buracos tamb\u00e9m causavam problemas. Com a pavimenta\u00e7\u00e3o dessas vias a popula\u00e7\u00e3o e os turistas t\u00eam acesso f\u00e1cil e r\u00e1pido \u00e0s praias do Conde\u201d, observou.<\/p>\n<p>O superintendente do\u00a0Departamento de Estradas de Rodagem (DER), Carlos Pereira, lembrou que, al\u00e9m destes acessos, o Governo do Estado fez o Contorno de Jacum\u00e3, melhorou a PB-008, est\u00e1 restaurando a PB-018, urbanizando a orla, entre outras a\u00e7\u00f5es. \u201cH\u00e1 cerca de seis meses iniciamos esses acessos e hoje estamos aqui para entregar \u00e0 popula\u00e7\u00e3o essas obras que mudam a realidade local. Essas vias fazem parte de uma s\u00e9rie de obras que j\u00e1 foram feitas ou est\u00e3o sendo realizadas no Conde, pelo Governo do Estado\u201d, afirmou.<\/p>\n<p>Os seis acessos somam uma extens\u00e3o total de 3,7 km e passaram por servi\u00e7os de terraplenagem em cortes e aterros, sistema de drenagem para \u00e1guas pluviais e subterr\u00e2neas, pavimenta\u00e7\u00e3o em paralelep\u00edpedo, sinaliza\u00e7\u00e3o vertical e tur\u00edstica.<\/p>\n<p>\u201cEssa \u00e9 uma a\u00e7\u00e3o importante para a mobilidade urbana, para o turismo e para a funcionalidade das pessoas que vivem aqui, como o comerciante e o morador local. Um conjunto de obras est\u00e1 chegando no Conde mudando para melhor a nossa cidade e proporcionando mais atratividade tur\u00edstica para a regi\u00e3o\u201d, comemorou a prefeita do Conde, M\u00e1rcia Lucena.<\/p>\n<p>O diretor-presidente da Energisa, Andr\u00e9 Theobald, comentou que os investimentos feitos em parceria com a Prefeitura do Conde e o Governo do Estado somam cerca de R$ 3,1 milh\u00f5es para a regi\u00e3o. \u201cFizemos a infraestrutura de energia el\u00e9trica que aumenta a qualidade de energia e tamb\u00e9m a eficientiza\u00e7\u00e3o da ilumina\u00e7\u00e3o p\u00fablica. Outra coisa que faremos \u00e9 a moderniza\u00e7\u00e3o da energia da nova orla de Jacum\u00e3 que est\u00e1 sendo feita pelo Governo do Estado\u201d, explicou.<\/p>\n<p>\u201cOs acessos \u00e0s praias ficaram excelentes. Eu trabalho vendendo \u00e1gua e refrigerante por estas praias do Conde e era uma dificuldade para ir e voltar todos os dias, mas agora a situa\u00e7\u00e3o mudou. Passo por l\u00e1 rapidinho\u201d, disse o comerciante, Jo\u00e3o Carlos.<\/p>\n<p>A turista do Rio Grande do Norte, Daniela Santos, afirmou que adora a Praia do Amor, mas em outra oportunidade que veio ao local reclamou do acesso de barro. \u201cVoltei este fim de semana e fiquei muito feliz em ver que o acesso agora est\u00e1 pavimentado. Ficou \u00f3timo e voltarei mais vezes para curtir as praias do Conde\u201d, garantiu.<\/p>\n<p><strong>CARIRI EM A\u00c7\u00c3O<\/strong><\/p>\n<p><em>Com Blog do Gordinho\/Foto: Reprodu\u00e7\u00e3o\u00a0<\/em><\/p>\n<p><strong>Leia mais not\u00edcias em\u00a0<\/strong><a href=\"http:\/\/www.caririemacao.com\/\"><strong>caririemacao.com<\/strong><\/a><strong>, siga nossa p\u00e1gina no\u00a0<\/strong><a href=\"https:\/\/www.facebook.com\/CaririEmAcao\/?ref=aymt_homepage_panel\"><strong>Facebook<\/strong><\/a>,<strong>\u00a0<\/strong><a href=\"https:\/\/www.instagram.com\/cariri_em_acao\/?hl=pt-br\"><strong>Instagram<\/strong><\/a><strong>\u00a0e\u00a0<\/strong><a href=\"https:\/\/www.youtube.com\/channel\/UCAptA0jQuYQy8vMhLt2m4qg\"><strong>Youtube<\/strong><\/a><strong>\u00a0e veja nossas mat\u00e9rias, v\u00eddeos e fotos. Voc\u00ea tamb\u00e9m pode enviar informa\u00e7\u00f5es \u00e0 Reda\u00e7\u00e3o do Portal Cariri em A\u00e7\u00e3o pelo WhatsApp (83) 9 9634.5791, (83) 9 9601-1162.<\/strong><\/p>\n","protected":false},"excerpt":{"rendered":"<p>O governador Ricardo Coutinho inaugurou, na manh\u00e3 deste s\u00e1bado (16),\u00a0as obras de pavimenta\u00e7\u00e3o em paralelep\u00edpedos dos acessos \u00e0s praias de Carapibus I e II, Tabatinga&hellip; <\/p>\n","protected":false},"author":2,"featured_media":35188,"comment_status":"closed","ping_status":"closed","sticky":false,"template":"","format":"standard","meta":{"sfsi_plus_gutenberg_text_before_share":"","sfsi_plus_gutenberg_show_text_before_share":"","sfsi_plus_gutenberg_icon_type":"","sfsi_plus_gutenberg_icon_alignemt":"","sfsi_plus_gutenburg_max_per_row":"","footnotes":""},"categories":[11],"tags":[],"class_list":["post-35182","post","type-post","status-publish","format-standard","has-post-thumbnail","hentry","category-politica"],"_links":{"self":[{"href":"https:\/\/www.caririemacao.com\/1\/wp-json\/wp\/v2\/posts\/35182","targetHints":{"allow":["GET"]}}],"collection":[{"href":"https:\/\/www.caririemacao.com\/1\/wp-json\/wp\/v2\/posts"}],"about":[{"href":"https:\/\/www.caririemacao.com\/1\/wp-json\/wp\/v2\/types\/post"}],"author":[{"embeddable":true,"href":"https:\/\/www.caririemacao.com\/1\/wp-json\/wp\/v2\/users\/2"}],"replies":[{"embeddable":true,"href":"https:\/\/www.caririemacao.com\/1\/wp-json\/wp\/v2\/comments?post=35182"}],"version-history":[{"count":0,"href":"https:\/\/www.caririemacao.com\/1\/wp-json\/wp\/v2\/posts\/35182\/revisions"}],"wp:featuredmedia":[{"embeddable":true,"href":"https:\/\/www.caririemacao.com\/1\/wp-json\/wp\/v2\/media\/35188"}],"wp:attachment":[{"href":"https:\/\/www.caririemacao.com\/1\/wp-json\/wp\/v2\/media?parent=35182"}],"wp:term":[{"taxonomy":"category","embeddable":true,"href":"https:\/\/www.caririemacao.com\/1\/wp-json\/wp\/v2\/categories?post=35182"},{"taxonomy":"post_tag","embeddable":true,"href":"https:\/\/www.caririemacao.com\/1\/wp-json\/wp\/v2\/tags?post=35182"}],"curies":[{"name":"wp","href":"https:\/\/api.w.org\/{rel}","templated":true}]}}