{"id":35196,"date":"2017-12-17T01:13:36","date_gmt":"2017-12-17T04:13:36","guid":{"rendered":"http:\/\/caririemacao.com\/1\/?p=35196"},"modified":"2017-12-17T01:13:36","modified_gmt":"2017-12-17T04:13:36","slug":"vem-louvar-sera-realizado-neste-domingo-em-sume","status":"publish","type":"post","link":"https:\/\/www.caririemacao.com\/1\/2017\/12\/17\/vem-louvar-sera-realizado-neste-domingo-em-sume\/","title":{"rendered":"\u201cVem Louvar\u201d ser\u00e1 realizado neste domingo em Sum\u00e9"},"content":{"rendered":"<p>O grupo de ora\u00e7\u00f5es Resgate e RCC promovem neste domingo, dia 17, um grande evento cat\u00f3lico denominado \u201cVem Louvar\u201d. O evento tem in\u00edcio \u00e0s 8h e se estende at\u00e9 \u00e0s 17h.<\/p>\n<p>Na programa\u00e7\u00e3o consta louvor, prega\u00e7\u00e3o, adora\u00e7\u00e3o ao Sant\u00edssimo Sacramento e Santa Missa e as participa\u00e7\u00f5es do padre Claudeci Soares (Sum\u00e9), Padre Ednaldo Gomes (Camala\u00fa), Acassio Dutra (coordenador do RCC PB), Felippe Felizardo (coordenador estadual do Minist\u00e9rio de Prega\u00e7\u00e3o) e Teto Fonseca (comunidade Pio X de Campina Grande).<\/p>\n<p>O encontro ser\u00e1 na quadra da Escola Estadual Jos\u00e9 Gon\u00e7alves de Queiroz, em Sum\u00e9, com o apoio da Par\u00f3quia Nossa Senhora da Concei\u00e7\u00e3o.<\/p>\n<p><strong>CARIRI EM A\u00c7\u00c3O<\/strong><\/p>\n<p><strong>Leia mais not\u00edcias em\u00a0<\/strong><a href=\"http:\/\/www.caririemacao.com\/\"><strong>caririemacao.com<\/strong><\/a><strong>, siga nossa p\u00e1gina no\u00a0<\/strong><a href=\"https:\/\/www.facebook.com\/CaririEmAcao\/?ref=aymt_homepage_panel\"><strong>Facebook<\/strong><\/a><strong>,\u00a0<\/strong><a href=\"https:\/\/www.instagram.com\/cariri_em_acao\/?hl=pt-br\"><strong>Instagram<\/strong><\/a><strong>\u00a0e <\/strong><a href=\"https:\/\/www.youtube.com\/channel\/UCAptA0jQuYQy8vMhLt2m4qg\"><strong>Youtube<\/strong><\/a><strong>\u00a0e veja nossas mat\u00e9rias, v\u00eddeos e fotos. Voc\u00ea tamb\u00e9m pode enviar informa\u00e7\u00f5es \u00e0 Reda\u00e7\u00e3o do Portal Cariri em A\u00e7\u00e3o pelo WhatsApp (83) 9 9634.5791, (83) 9 9601-1162.<\/strong><\/p>\n","protected":false},"excerpt":{"rendered":"<p>O grupo de ora\u00e7\u00f5es Resgate e RCC promovem neste domingo, dia 17, um grande evento cat\u00f3lico denominado \u201cVem Louvar\u201d. O evento tem in\u00edcio \u00e0s 8h&hellip; <\/p>\n","protected":false},"author":2,"featured_media":35198,"comment_status":"closed","ping_status":"closed","sticky":false,"template":"","format":"standard","meta":{"sfsi_plus_gutenberg_text_before_share":"","sfsi_plus_gutenberg_show_text_before_share":"","sfsi_plus_gutenberg_icon_type":"","sfsi_plus_gutenberg_icon_alignemt":"","sfsi_plus_gutenburg_max_per_row":"","footnotes":""},"categories":[2],"tags":[],"class_list":["post-35196","post","type-post","status-publish","format-standard","has-post-thumbnail","hentry","category-geral"],"_links":{"self":[{"href":"https:\/\/www.caririemacao.com\/1\/wp-json\/wp\/v2\/posts\/35196","targetHints":{"allow":["GET"]}}],"collection":[{"href":"https:\/\/www.caririemacao.com\/1\/wp-json\/wp\/v2\/posts"}],"about":[{"href":"https:\/\/www.caririemacao.com\/1\/wp-json\/wp\/v2\/types\/post"}],"author":[{"embeddable":true,"href":"https:\/\/www.caririemacao.com\/1\/wp-json\/wp\/v2\/users\/2"}],"replies":[{"embeddable":true,"href":"https:\/\/www.caririemacao.com\/1\/wp-json\/wp\/v2\/comments?post=35196"}],"version-history":[{"count":0,"href":"https:\/\/www.caririemacao.com\/1\/wp-json\/wp\/v2\/posts\/35196\/revisions"}],"wp:featuredmedia":[{"embeddable":true,"href":"https:\/\/www.caririemacao.com\/1\/wp-json\/wp\/v2\/media\/35198"}],"wp:attachment":[{"href":"https:\/\/www.caririemacao.com\/1\/wp-json\/wp\/v2\/media?parent=35196"}],"wp:term":[{"taxonomy":"category","embeddable":true,"href":"https:\/\/www.caririemacao.com\/1\/wp-json\/wp\/v2\/categories?post=35196"},{"taxonomy":"post_tag","embeddable":true,"href":"https:\/\/www.caririemacao.com\/1\/wp-json\/wp\/v2\/tags?post=35196"}],"curies":[{"name":"wp","href":"https:\/\/api.w.org\/{rel}","templated":true}]}}