{"id":35229,"date":"2017-12-18T10:03:03","date_gmt":"2017-12-18T13:03:03","guid":{"rendered":"http:\/\/caririemacao.com\/1\/?p=35229"},"modified":"2017-12-18T10:03:03","modified_gmt":"2017-12-18T13:03:03","slug":"pediatras-alertam-sobre-risco-na-aplicacao-de-vacinas-em-farmacias","status":"publish","type":"post","link":"https:\/\/www.caririemacao.com\/1\/2017\/12\/18\/pediatras-alertam-sobre-risco-na-aplicacao-de-vacinas-em-farmacias\/","title":{"rendered":"Pediatras alertam sobre risco na aplica\u00e7\u00e3o de vacinas em farm\u00e1cias"},"content":{"rendered":"<p>A Sociedade Brasileira de Pediatria (SBP) divulgou um alerta sobre riscos relacionados \u00e0 venda e aplica\u00e7\u00e3o de vacinas em farm\u00e1cias e drogarias. O posicionamento da entidade acontece devido \u00e0 libera\u00e7\u00e3o do procedimento pela Ag\u00eancia Nacional de Vigil\u00e2ncia Sanit\u00e1ria (Anvisa), na semana passada. A SBP pediu que a medida fosse suspensa. De acordo com a reivindica\u00e7\u00e3o, a libera\u00e7\u00e3o pode causar \u00e0 sa\u00fade da popula\u00e7\u00e3o, em especial de crian\u00e7as e adolescentes.<\/p>\n<p>\u201cEntre os problemas identificados pelos pediatras na medida anunciada est\u00e3o fatores como, a inexist\u00eancia de m\u00e9dicos nas farm\u00e1cias e drogarias, que devem estar presentes em locais de vacina\u00e7\u00e3o para diagnosticar casos de eventos adversos nas suas m\u00faltiplas formas de manifesta\u00e7\u00e3o\u201d, justifica a entidade, em nota divulgada \u00e0 imprensa.<\/p>\n<p>No texto, a SBP tamb\u00e9m argumenta que a exist\u00eancia de uma rede de vacinas em postos de sa\u00fade e hospitais, com distribui\u00e7\u00e3o gratuita, tornaria a medida desnecess\u00e1ria, \u201cpois farm\u00e1cias costumam funcionar nas proximidades desses servi\u00e7os p\u00fablicos\u201d.<\/p>\n<p>\u201cPermitir a venda e aplica\u00e7\u00e3o de vacinas em drogarias e farm\u00e1cias banaliza seu uso e torna a vacina\u00e7\u00e3o mais um produto com finalidade comercial do que uma estrat\u00e9gia para a preven\u00e7\u00e3o de doen\u00e7as\u201d, finaliza a nota.<\/p>\n<p><strong>Outro lado<\/strong><\/p>\n<p>De acordo com a Anvisa, a resolu\u00e7\u00e3o que autoriza venda e aplica\u00e7\u00e3o de vacinas em farm\u00e1cias estabelece exig\u00eancias para estabelecimentos que v\u00e3o oferecer o servi\u00e7o. Esses devem estar inscritos no Cadastro Nacional dos Estabelecimentos de Sa\u00fade (CNES), disponibilizar o calend\u00e1rio nacional de vacina\u00e7\u00e3o e os tipos de medicamentos dispon\u00edveis aos clientes.<\/p>\n<p>Em cada local \u00e9 obrigat\u00f3ria a designa\u00e7\u00e3o de um respons\u00e1vel t\u00e9cnico e a contrata\u00e7\u00e3o de profissionais habilitados para aplicar vacinas, com a realiza\u00e7\u00e3o de capacita\u00e7\u00f5es constantes. As instala\u00e7\u00f5es precisam ser adequadas e seguir par\u00e2metros estabelecidos nas normas do setor, como ambiente refrigerado para armazenar as vacinas e cuidados no transporte dos materiais para n\u00e3o prejudicar a qualidade.<\/p>\n<p>As regras aprovadas pela Anvisa tamb\u00e9m preveem obrigatoriedade de registro das informa\u00e7\u00f5es nos cart\u00f5es de vacina\u00e7\u00e3o e de erros ou problemas no sistema da ag\u00eancia e liberdade para emitir Certificados Internacionais de Vacina\u00e7\u00e3o.<\/p>\n<div class=\"td-a-rec td-a-rec-id-content_bottom  td_uid_1_5a37bbf22e6a3_rand td_block_template_1\">\n<div id=\"div-gpt-ad-1510753744454-4\" data-google-query-id=\"CJf7gYjPk9gCFdIfHwodumcJIg\">\n<div id=\"google_ads_iframe_\/19487587\/PORTALCORREIO\/homepage_728x90_banner_bot_0__container__\">\n<p><strong>CARIRI EM A\u00c7\u00c3O<\/strong><\/p>\n<p><em>Com Ag\u00eancia Brasil\u00a0 \/Foto: Google\u00a0\u00a0 <\/em><\/p>\n<p><strong>Leia mais not\u00edcias em\u00a0<\/strong><a href=\"http:\/\/www.caririemacao.com\/\"><strong>caririemacao.com<\/strong><\/a><strong>, siga nossa p\u00e1gina no\u00a0<\/strong><a href=\"https:\/\/www.facebook.com\/CaririEmAcao\/?ref=aymt_homepage_panel\"><strong>Facebook<\/strong><\/a>,<strong>\u00a0<\/strong><a href=\"https:\/\/www.instagram.com\/cariri_em_acao\/?hl=pt-br\"><strong>Instagram<\/strong><\/a><strong>\u00a0e <\/strong><a href=\"https:\/\/www.youtube.com\/channel\/UCAptA0jQuYQy8vMhLt2m4qg\"><strong>Youtube<\/strong><\/a><strong>\u00a0e veja nossas mat\u00e9rias, v\u00eddeos e fotos. Voc\u00ea tamb\u00e9m pode enviar informa\u00e7\u00f5es \u00e0 Reda\u00e7\u00e3o do Portal Cariri em A\u00e7\u00e3o pelo WhatsApp (83) 9 9634.5791, (83) 9 9601-1162.<\/strong><\/p>\n<\/div>\n<\/div>\n<\/div>\n","protected":false},"excerpt":{"rendered":"<p>A Sociedade Brasileira de Pediatria (SBP) divulgou um alerta sobre riscos relacionados \u00e0 venda e aplica\u00e7\u00e3o de vacinas em farm\u00e1cias e drogarias. O posicionamento da&hellip; <\/p>\n","protected":false},"author":2,"featured_media":5246,"comment_status":"closed","ping_status":"closed","sticky":false,"template":"","format":"standard","meta":{"sfsi_plus_gutenberg_text_before_share":"","sfsi_plus_gutenberg_show_text_before_share":"","sfsi_plus_gutenberg_icon_type":"","sfsi_plus_gutenberg_icon_alignemt":"","sfsi_plus_gutenburg_max_per_row":"","footnotes":""},"categories":[16],"tags":[],"class_list":["post-35229","post","type-post","status-publish","format-standard","has-post-thumbnail","hentry","category-saude"],"_links":{"self":[{"href":"https:\/\/www.caririemacao.com\/1\/wp-json\/wp\/v2\/posts\/35229","targetHints":{"allow":["GET"]}}],"collection":[{"href":"https:\/\/www.caririemacao.com\/1\/wp-json\/wp\/v2\/posts"}],"about":[{"href":"https:\/\/www.caririemacao.com\/1\/wp-json\/wp\/v2\/types\/post"}],"author":[{"embeddable":true,"href":"https:\/\/www.caririemacao.com\/1\/wp-json\/wp\/v2\/users\/2"}],"replies":[{"embeddable":true,"href":"https:\/\/www.caririemacao.com\/1\/wp-json\/wp\/v2\/comments?post=35229"}],"version-history":[{"count":0,"href":"https:\/\/www.caririemacao.com\/1\/wp-json\/wp\/v2\/posts\/35229\/revisions"}],"wp:featuredmedia":[{"embeddable":true,"href":"https:\/\/www.caririemacao.com\/1\/wp-json\/wp\/v2\/media\/5246"}],"wp:attachment":[{"href":"https:\/\/www.caririemacao.com\/1\/wp-json\/wp\/v2\/media?parent=35229"}],"wp:term":[{"taxonomy":"category","embeddable":true,"href":"https:\/\/www.caririemacao.com\/1\/wp-json\/wp\/v2\/categories?post=35229"},{"taxonomy":"post_tag","embeddable":true,"href":"https:\/\/www.caririemacao.com\/1\/wp-json\/wp\/v2\/tags?post=35229"}],"curies":[{"name":"wp","href":"https:\/\/api.w.org\/{rel}","templated":true}]}}