{"id":35232,"date":"2017-12-18T10:06:42","date_gmt":"2017-12-18T13:06:42","guid":{"rendered":"http:\/\/caririemacao.com\/1\/?p=35232"},"modified":"2017-12-18T10:06:42","modified_gmt":"2017-12-18T13:06:42","slug":"quadra-esportiva-de-prata-esta-quase-concluida","status":"publish","type":"post","link":"https:\/\/www.caririemacao.com\/1\/2017\/12\/18\/quadra-esportiva-de-prata-esta-quase-concluida\/","title":{"rendered":"Quadra esportiva de Prata est\u00e1 quase conclu\u00edda"},"content":{"rendered":"<div>Est\u00e1 em fase final de constru\u00e7\u00e3o uma quadra poliesportiva, na cidade de Prata, no centro da cidade. A obra \u00e9 executada pela Prefeitura, em parceria com o Governo Federal, atrav\u00e9s do Minist\u00e9rio dos Esportes.<\/div>\n<div><\/div>\n<div>\u201c\u00c9 um espa\u00e7o de conviv\u00eancia da comunidade, com estrutura para esporte e lazer, o que resulta em sa\u00fade preventiva da popula\u00e7\u00e3o\u201d, disse o prefeito Junior N\u00f3brega.<\/div>\n<div>\n<p><strong>CARIRI EM A\u00c7\u00c3O<\/strong><\/p>\n<p><em>Com portalcariripb\/Foto:Andr\u00e9\u00a0<\/em><\/p>\n<p><strong>Leia mais not\u00edcias em\u00a0<\/strong><a href=\"http:\/\/www.caririemacao.com\/\"><strong>caririemacao.com<\/strong><\/a><strong>, siga nossa p\u00e1gina no\u00a0<\/strong><a href=\"https:\/\/www.facebook.com\/CaririEmAcao\/?ref=aymt_homepage_panel\"><strong>Facebook<\/strong><\/a>,<strong>\u00a0<\/strong><a href=\"https:\/\/www.instagram.com\/cariri_em_acao\/?hl=pt-br\"><strong>Instagram<\/strong><\/a><strong>\u00a0e <\/strong><a href=\"https:\/\/www.youtube.com\/channel\/UCAptA0jQuYQy8vMhLt2m4qg\"><strong>Youtube<\/strong><\/a><strong>\u00a0e veja nossas mat\u00e9rias, v\u00eddeos e fotos. Voc\u00ea tamb\u00e9m pode enviar informa\u00e7\u00f5es \u00e0 Reda\u00e7\u00e3o do Portal Cariri em A\u00e7\u00e3o pelo WhatsApp (83) 9 9634.5791, (83) 9 9601-1162.<\/strong><\/p>\n<\/div>\n","protected":false},"excerpt":{"rendered":"<p>Est\u00e1 em fase final de constru\u00e7\u00e3o uma quadra poliesportiva, na cidade de Prata, no centro da cidade. A obra \u00e9 executada pela Prefeitura, em parceria&hellip; <\/p>\n","protected":false},"author":2,"featured_media":35233,"comment_status":"closed","ping_status":"closed","sticky":false,"template":"","format":"standard","meta":{"sfsi_plus_gutenberg_text_before_share":"","sfsi_plus_gutenberg_show_text_before_share":"","sfsi_plus_gutenberg_icon_type":"","sfsi_plus_gutenberg_icon_alignemt":"","sfsi_plus_gutenburg_max_per_row":"","footnotes":""},"categories":[13],"tags":[],"class_list":["post-35232","post","type-post","status-publish","format-standard","has-post-thumbnail","hentry","category-esportes"],"_links":{"self":[{"href":"https:\/\/www.caririemacao.com\/1\/wp-json\/wp\/v2\/posts\/35232","targetHints":{"allow":["GET"]}}],"collection":[{"href":"https:\/\/www.caririemacao.com\/1\/wp-json\/wp\/v2\/posts"}],"about":[{"href":"https:\/\/www.caririemacao.com\/1\/wp-json\/wp\/v2\/types\/post"}],"author":[{"embeddable":true,"href":"https:\/\/www.caririemacao.com\/1\/wp-json\/wp\/v2\/users\/2"}],"replies":[{"embeddable":true,"href":"https:\/\/www.caririemacao.com\/1\/wp-json\/wp\/v2\/comments?post=35232"}],"version-history":[{"count":0,"href":"https:\/\/www.caririemacao.com\/1\/wp-json\/wp\/v2\/posts\/35232\/revisions"}],"wp:featuredmedia":[{"embeddable":true,"href":"https:\/\/www.caririemacao.com\/1\/wp-json\/wp\/v2\/media\/35233"}],"wp:attachment":[{"href":"https:\/\/www.caririemacao.com\/1\/wp-json\/wp\/v2\/media?parent=35232"}],"wp:term":[{"taxonomy":"category","embeddable":true,"href":"https:\/\/www.caririemacao.com\/1\/wp-json\/wp\/v2\/categories?post=35232"},{"taxonomy":"post_tag","embeddable":true,"href":"https:\/\/www.caririemacao.com\/1\/wp-json\/wp\/v2\/tags?post=35232"}],"curies":[{"name":"wp","href":"https:\/\/api.w.org\/{rel}","templated":true}]}}