{"id":35237,"date":"2017-12-18T10:19:03","date_gmt":"2017-12-18T13:19:03","guid":{"rendered":"http:\/\/caririemacao.com\/1\/?p=35237"},"modified":"2017-12-18T10:19:03","modified_gmt":"2017-12-18T13:19:03","slug":"pesquisador-em-climatologia-afirma-que-seca-no-semiarido-nordestino-chegara-ao-fim-em-2018-mes-de-janeiro-sera-com-muitas-chuvas-leia","status":"publish","type":"post","link":"https:\/\/www.caririemacao.com\/1\/2017\/12\/18\/pesquisador-em-climatologia-afirma-que-seca-no-semiarido-nordestino-chegara-ao-fim-em-2018-mes-de-janeiro-sera-com-muitas-chuvas-leia\/","title":{"rendered":"Pesquisador em Climatologia afirma que Seca no Semi\u00e1rido Nordestino chegar\u00e1 ao fim em 2018; m\u00eas de Janeiro ser\u00e1 com muitas chuvas. Leia"},"content":{"rendered":"<p>Em contato com o departamento de Jornalismo da R\u00e1dio Alto Piranhas e com o Portal Click CZ, nesta quarta-feira(13) atrav\u00e9s de E-mail. O pesquisador em Climatologia da cidade de Santa Cruz -PB Ricardo C\u00e9sar Alves de Andrade, passou dados esclarecendo progn\u00f3stico elaborado pelo estudo feito de como ser\u00e1\u00a0 a quadra invernosa para 2018.<\/p>\n<p>Depois de uma longa e dram\u00e1tica seq\u00fc\u00eancia de anos com precipita\u00e7\u00f5es escassas e irregulares, finalmente vai chover o suficiente para por fim a excepcional crise h\u00eddrica que assola o semi-areado do Nordeste h\u00e1 seis anos. A expectativa \u00e9 que as chuvas cheguem fortes e abrangentes em todo o Nordeste j\u00e1 no pr\u00f3ximo m\u00eas de janeiro em decorr\u00eancia da atua\u00e7\u00e3o de sistemas meteorol\u00f3gicos de grande escala, como o Vortece Ciclone e a Zona de Converg\u00eancia Intertropical.<\/p>\n<p>Todavia, ser\u00e1 no outono, especialmente ao longo dos meses de mar\u00e7o e abril, que as chuvas dever\u00e3o se intensificar sobre o Nordeste brasileiro, tornando-se mais freq\u00fcentes e prolongadas, ideais, portanto, para a recupera\u00e7\u00e3o do volume dos grandes a\u00e7udes e barragens do interior da regi\u00e3o, que atualmente se encontram em n\u00edveis cr\u00edticos, com pouqu\u00edssima \u00e1gua armazenada em seus leitos.<\/p>\n<p>O retorno das chuvas em volume e intensidade suficientes para encerrar a mais prolongada seca de que se tem not\u00edcia no semi\u00e1rido brasileiro ser\u00e1 poss\u00edvel devido a uma grande mudan\u00e7a na circula\u00e7\u00e3o dos ventos sobre a regi\u00e3o intertropical do planeta. Nesse novo padr\u00e3o atmosf\u00e9rico, estabelecido ao longo dos \u00faltimos meses, observa-se, por exemplo, o predom\u00ednio da circula\u00e7\u00e3o anticiclonal( altas press\u00f5es ) sobre o Pac\u00edfico Tropical Sul adjacente \u00e0 Am\u00e9rica do Sul. A tend\u00eancia \u00e9 que a partir de janeiro o n\u00facleo dessa circula\u00e7\u00e3o avance sobre a por\u00e7\u00e3o oeste do continente sul-americano, transfigurando-se em Alta da Bol\u00edvia e permitindo, assim, a atua\u00e7\u00e3o bem configurada do Vortece Ciclone sobre o Nordeste Brasileiro. Ademais, tem se observado, desde o come\u00e7o de outubro, um progressivo aumento da press\u00e3o atmosf\u00e9rica sobre a regi\u00e3o do Atl\u00e2ntico Tropical Norte em detrimento do estabelecimento de uma zona de baixa press\u00e3o sobre a parte centro-oriental do Brasil e Atl\u00e2ntico Tropical Sul adjacente.<\/p>\n<p>Esse \u00e9 um dado particularmente auspicioso, pois \u00e9 justamente a exist\u00eancia de uma diferen\u00e7a de press\u00e3o entre o Atl\u00e2ntico Tropical Norte e o Atl\u00e2ntico Tropical Sul que possibilitar\u00e1 o deslocamento do eixo da Converg\u00eancia Intertropical para uma posi\u00e7\u00e3o ao sul da linha do Equador, intensificando as chuvas sobre o setor norte do Nordeste. Fator decisivo para a ocorr\u00eancia de um grande inverno em nossa regi\u00e3o no pr\u00f3ximo ano, no entanto, ser\u00e1 mesmo o posicionamento da Alta Subtropical do Atl\u00e2ntico Sul(ASAS). A expectativa \u00e9 que a partir do final de fevereiro esse sistema de alta press\u00e3o se torne muito ativo, atuando mais pr\u00f3ximo da costa brasileira, intensificando os al\u00edsios de sudeste e possibilitando o avan\u00e7o r\u00e1pido e frequente das frentes frias para o Nordeste notadamente ao longo de mar\u00e7o e abril, que juntamente com janeiro ser\u00e3o os meses mais chuvosos de 2018 em nossa regi\u00e3o.<\/p>\n<p><strong>CARIRI EM A\u00c7\u00c3O<\/strong><\/p>\n<p><em>Com\u00a0Cickcz \/Foto: Reprodu\u00e7\u00e3o, Divulga\u00e7\u00e3o, Google\u00a0\u00a0 <\/em><\/p>\n<p><strong>Leia mais not\u00edcias em\u00a0<\/strong><a href=\"http:\/\/www.caririemacao.com\/\"><strong>caririemacao.com<\/strong><\/a><strong>, siga nossa p\u00e1gina no\u00a0<\/strong><a href=\"https:\/\/www.facebook.com\/CaririEmAcao\/?ref=aymt_homepage_panel\"><strong>Facebook<\/strong><\/a>,<strong>\u00a0<\/strong><a href=\"https:\/\/www.instagram.com\/cariri_em_acao\/?hl=pt-br\"><strong>Instagram<\/strong><\/a><strong>\u00a0e <\/strong><a href=\"https:\/\/www.youtube.com\/channel\/UCAptA0jQuYQy8vMhLt2m4qg\"><strong>Youtube<\/strong><\/a><strong>\u00a0e veja nossas mat\u00e9rias, v\u00eddeos e fotos. Voc\u00ea tamb\u00e9m pode enviar informa\u00e7\u00f5es \u00e0 Reda\u00e7\u00e3o do Portal Cariri em A\u00e7\u00e3o pelo WhatsApp (83) 9 9634.5791, (83) 9 9601-1162.<\/strong><\/p>\n","protected":false},"excerpt":{"rendered":"<p>Em contato com o departamento de Jornalismo da R\u00e1dio Alto Piranhas e com o Portal Click CZ, nesta quarta-feira(13) atrav\u00e9s de E-mail. O pesquisador em&hellip; <\/p>\n","protected":false},"author":2,"featured_media":10603,"comment_status":"closed","ping_status":"closed","sticky":false,"template":"","format":"standard","meta":{"sfsi_plus_gutenberg_text_before_share":"","sfsi_plus_gutenberg_show_text_before_share":"","sfsi_plus_gutenberg_icon_type":"","sfsi_plus_gutenberg_icon_alignemt":"","sfsi_plus_gutenburg_max_per_row":"","footnotes":""},"categories":[2],"tags":[],"class_list":["post-35237","post","type-post","status-publish","format-standard","has-post-thumbnail","hentry","category-geral"],"_links":{"self":[{"href":"https:\/\/www.caririemacao.com\/1\/wp-json\/wp\/v2\/posts\/35237","targetHints":{"allow":["GET"]}}],"collection":[{"href":"https:\/\/www.caririemacao.com\/1\/wp-json\/wp\/v2\/posts"}],"about":[{"href":"https:\/\/www.caririemacao.com\/1\/wp-json\/wp\/v2\/types\/post"}],"author":[{"embeddable":true,"href":"https:\/\/www.caririemacao.com\/1\/wp-json\/wp\/v2\/users\/2"}],"replies":[{"embeddable":true,"href":"https:\/\/www.caririemacao.com\/1\/wp-json\/wp\/v2\/comments?post=35237"}],"version-history":[{"count":0,"href":"https:\/\/www.caririemacao.com\/1\/wp-json\/wp\/v2\/posts\/35237\/revisions"}],"wp:featuredmedia":[{"embeddable":true,"href":"https:\/\/www.caririemacao.com\/1\/wp-json\/wp\/v2\/media\/10603"}],"wp:attachment":[{"href":"https:\/\/www.caririemacao.com\/1\/wp-json\/wp\/v2\/media?parent=35237"}],"wp:term":[{"taxonomy":"category","embeddable":true,"href":"https:\/\/www.caririemacao.com\/1\/wp-json\/wp\/v2\/categories?post=35237"},{"taxonomy":"post_tag","embeddable":true,"href":"https:\/\/www.caririemacao.com\/1\/wp-json\/wp\/v2\/tags?post=35237"}],"curies":[{"name":"wp","href":"https:\/\/api.w.org\/{rel}","templated":true}]}}