{"id":35299,"date":"2017-12-19T07:59:03","date_gmt":"2017-12-19T10:59:03","guid":{"rendered":"http:\/\/caririemacao.com\/1\/?p=35299"},"modified":"2017-12-19T07:59:03","modified_gmt":"2017-12-19T10:59:03","slug":"filha-de-promotor-e-estudante-de-direito-sao-presas-furtando-livraria-em-shopping","status":"publish","type":"post","link":"https:\/\/www.caririemacao.com\/1\/2017\/12\/19\/filha-de-promotor-e-estudante-de-direito-sao-presas-furtando-livraria-em-shopping\/","title":{"rendered":"Filha de promotor e estudante de direito s\u00e3o presas furtando livraria em shopping"},"content":{"rendered":"<div class=\"mc-column content-media content-media--normal content-video\" data-block-type=\"backstage-video\" data-block-id=\"0\">\n<div class=\"content-media__description-centered\">\n<p class=\"content-media__description\">Uma jovem de 27 anos, filha de um promotor e uma procuradora federal aposentados, e uma estudante de direito de 25 anos foram presas em flagrante furtando objetos de uma livraria dentro de um shopping no bairro de Mana\u00edra em Jo\u00e3o Pessoa na noite de segunda-feira (18). Segundo informa\u00e7\u00f5es da Pol\u00edcia Civil, as duas jovens furtaram seis objetos que somados custam R$ 150.<\/p>\n<\/div>\n<\/div>\n<div class=\"mc-column content-text active-extra-styles \" data-block-type=\"unstyled\" data-block-weight=\"62\" data-block-id=\"3\">\n<p class=\"content-text__container \" data-track-category=\"Link no Texto\" data-track-links=\"\">Ainda de acordo com a Pol\u00edcia Civil, entre os objetos furtados pela dupla estavam dois l\u00e1pis grafite, uma agenda,um porta-an\u00e9is e um abridor de garrafas. A equipe de seguran\u00e7a da livraria identificou o furto, aguardou as duas jovens sa\u00edrem do estabelecimento e realizaram a abordagem. Elas foram levadas para o interior da livraria para conversar com o gerente e confessaram o furto.<\/p>\n<\/div>\n<div class=\"mc-column content-text active-extra-styles \" data-block-type=\"unstyled\" data-block-weight=\"42\" data-block-id=\"4\">\n<p class=\"content-text__container \" data-track-category=\"Link no Texto\" data-track-links=\"\">O gerente n\u00e3o aceitou o pagamento pelos produtos e decidiu encaminhar as duas suspeitas para a Central de Pol\u00edcia, no bairro do Geisel. Em depoimento \u00e0 delegada L\u00eddia Veloso, as duas informaram que furtaram os objetos porque acharam o pre\u00e7o muito caro.<\/p>\n<\/div>\n<div class=\"mc-column content-text active-extra-styles \" data-block-type=\"unstyled\" data-block-weight=\"61\" data-block-id=\"5\">\n<p class=\"content-text__container \" data-track-category=\"Link no Texto\" data-track-links=\"\">\u201cArgumentaram que n\u00e3o precisam roubar. Que pagaram tr\u00eas vezes o valor dos produtos. Uma delas afirmou que era filha de promotor e de um procuradora, que n\u00e3o tinha motivo para furto. Inclusive as duas foram at\u00e9 o shopping em carro pr\u00f3prio, mas a loja foi irredut\u00edvel e registrou o crime acredito que para servir de exemplo\u201d, explicou a delegada L\u00eddia Veloso.<\/p>\n<\/div>\n<div data-track-category=\"fim do conteudo\" data-track-action=\"ultimo chunk conteudo\" data-track-noninteraction=\"false\" data-track-scroll=\"entrada completa viewport\">\n<div class=\"mc-column content-text active-extra-styles \" data-block-type=\"unstyled\" data-block-weight=\"69\" data-block-id=\"6\">\n<p class=\"content-text__container \" data-track-category=\"Link no Texto\" data-track-links=\"\">As jovens foram autuadas por furto qualificado, crime inafian\u00e7\u00e1vel pelo qualificante, e seguiam presas na carceragem da Central de Pol\u00edcia Civil at\u00e9 o in\u00edcio da manh\u00e3 desta ter\u00e7a-feira (19), \u00e0 espera da audi\u00eancia de cust\u00f3dia que deve acontecer \u00e0 tarde. Segundo a delegada, houve o entendimento de furto qualificado pois a filha do promotor combinou com a amiga, bacharela em direito, o roubo na livraria e executou o delito.<\/p>\n<p><strong>CARIRI EM A\u00c7\u00c3O<\/strong><\/p>\n<p><em>Com G1 \/Foto: Reprodu\u00e7\u00e3o google\u00a0\u00a0 <\/em><\/p>\n<p><strong>Leia mais not\u00edcias em\u00a0<\/strong><a href=\"http:\/\/www.caririemacao.com\/\"><strong>caririemacao.com<\/strong><\/a><strong>, siga nossa p\u00e1gina no\u00a0<\/strong><a href=\"https:\/\/www.facebook.com\/CaririEmAcao\/?ref=aymt_homepage_panel\"><strong>Facebook<\/strong><\/a>,<strong>\u00a0<\/strong><a href=\"https:\/\/www.instagram.com\/cariri_em_acao\/?hl=pt-br\"><strong>Instagram<\/strong><\/a><strong>\u00a0e <\/strong><a href=\"https:\/\/www.youtube.com\/channel\/UCAptA0jQuYQy8vMhLt2m4qg\"><strong>Youtube<\/strong><\/a><strong>\u00a0e veja nossas mat\u00e9rias, v\u00eddeos e fotos. Voc\u00ea tamb\u00e9m pode enviar informa\u00e7\u00f5es \u00e0 Reda\u00e7\u00e3o do Portal Cariri em A\u00e7\u00e3o pelo WhatsApp (83) 9 9634.5791, (83) 9 9601-1162.<\/strong><\/p>\n<\/div>\n<\/div>\n","protected":false},"excerpt":{"rendered":"<p>Uma jovem de 27 anos, filha de um promotor e uma procuradora federal aposentados, e uma estudante de direito de 25 anos foram presas em&hellip; <\/p>\n","protected":false},"author":2,"featured_media":35303,"comment_status":"closed","ping_status":"closed","sticky":false,"template":"","format":"standard","meta":{"sfsi_plus_gutenberg_text_before_share":"","sfsi_plus_gutenberg_show_text_before_share":"","sfsi_plus_gutenberg_icon_type":"","sfsi_plus_gutenberg_icon_alignemt":"","sfsi_plus_gutenburg_max_per_row":"","footnotes":""},"categories":[12],"tags":[],"class_list":["post-35299","post","type-post","status-publish","format-standard","has-post-thumbnail","hentry","category-policia"],"_links":{"self":[{"href":"https:\/\/www.caririemacao.com\/1\/wp-json\/wp\/v2\/posts\/35299","targetHints":{"allow":["GET"]}}],"collection":[{"href":"https:\/\/www.caririemacao.com\/1\/wp-json\/wp\/v2\/posts"}],"about":[{"href":"https:\/\/www.caririemacao.com\/1\/wp-json\/wp\/v2\/types\/post"}],"author":[{"embeddable":true,"href":"https:\/\/www.caririemacao.com\/1\/wp-json\/wp\/v2\/users\/2"}],"replies":[{"embeddable":true,"href":"https:\/\/www.caririemacao.com\/1\/wp-json\/wp\/v2\/comments?post=35299"}],"version-history":[{"count":0,"href":"https:\/\/www.caririemacao.com\/1\/wp-json\/wp\/v2\/posts\/35299\/revisions"}],"wp:featuredmedia":[{"embeddable":true,"href":"https:\/\/www.caririemacao.com\/1\/wp-json\/wp\/v2\/media\/35303"}],"wp:attachment":[{"href":"https:\/\/www.caririemacao.com\/1\/wp-json\/wp\/v2\/media?parent=35299"}],"wp:term":[{"taxonomy":"category","embeddable":true,"href":"https:\/\/www.caririemacao.com\/1\/wp-json\/wp\/v2\/categories?post=35299"},{"taxonomy":"post_tag","embeddable":true,"href":"https:\/\/www.caririemacao.com\/1\/wp-json\/wp\/v2\/tags?post=35299"}],"curies":[{"name":"wp","href":"https:\/\/api.w.org\/{rel}","templated":true}]}}