{"id":35302,"date":"2017-12-19T08:01:32","date_gmt":"2017-12-19T11:01:32","guid":{"rendered":"http:\/\/caririemacao.com\/1\/?p=35302"},"modified":"2017-12-19T08:01:32","modified_gmt":"2017-12-19T11:01:32","slug":"mesmo-com-apoio-de-empresarios-governo-falha-ao-votar-previdencia","status":"publish","type":"post","link":"https:\/\/www.caririemacao.com\/1\/2017\/12\/19\/mesmo-com-apoio-de-empresarios-governo-falha-ao-votar-previdencia\/","title":{"rendered":"Mesmo com apoio de empres\u00e1rios, governo falha ao votar Previd\u00eancia"},"content":{"rendered":"<p>Adiada para o m\u00eas de fevereiro de 2018, a\u00a0vota\u00e7\u00e3o da reforma da Previd\u00eancia\u00a0promete colaborar para que economia brasileira deixe definitivamente para tr\u00e1s a crise que assombrou o Pa\u00eds nos \u00faltimos dois anos.<\/p>\n<p>Esta \u00e9 a avalia\u00e7\u00e3o dos principais setores da ind\u00fastria e do empresariado brasileiro, que apostam na retomada do crescimento econ\u00f4mico e atra\u00e7\u00e3o de investimentos com a aprova\u00e7\u00e3o da proposta.<\/p>\n<div class=\"teads-inread\">\n<div>\n<div id=\"moatPxCont603017\"><\/div>\n<div id=\"teads0\" class=\"teads-player\">Em nota na qual prev\u00ea um &#8220;fortalecimento da retomada da economia em 2018&#8221;, a Fiesp (Federa\u00e7\u00e3o das Ind\u00fastrias do Estado de S\u00e3o Paulo) classifica como &#8220;essencial&#8221; que as reformas estruturais, como a da Previd\u00eancia, sejam aprovadas para que o Pa\u00eds conquiste o crescimento econ\u00f4mico desejado.<\/div>\n<\/div>\n<\/div>\n<p>\u201c\u00c9 preciso seguir adiante, aprovando a reforma da Previd\u00eancia e a tribut\u00e1ria, criando condi\u00e7\u00f5es para o crescimento sustent\u00e1vel da economia brasileira\u201d, afirmou o presidente da entidade de classe, Paulo Skaf, durante reuni\u00e3o com o presidente da C\u00e2mara dos Deputados, Rodrigo Maia (DEM-RJ), na \u00faltima quinta-feira (14).<\/p>\n<p>Em um encontro com prefeitos e empres\u00e1rios tamb\u00e9m na semana passada, o presidente da Firjan (Federa\u00e7\u00e3o das Ind\u00fastrias do Rio de Janeiro), Eduardo Eugenio Gouv\u00eaa Vieira, afirmou que \u00e9 necess\u00e1rio entender que Previd\u00eancia brasileira est\u00e1 estruturada de maneira &#8220;insustent\u00e1vel&#8221;.<\/p>\n<p>&#8220;Precisamos trabalhar junto aos prefeitos para conscientizar parlamentares e popula\u00e7\u00e3o sobre a necessidade dessa mudan\u00e7a. N\u00f3s somos s\u00f3cios na recupera\u00e7\u00e3o do Rio e tamb\u00e9m do Brasil\u201d, disse.<\/p>\n<p>A CNI (Confedera\u00e7\u00e3o Nacional da Ind\u00fastria) tamb\u00e9m apoia as mudan\u00e7as no sistema de aposentadorias do Brasil. Para o presidente da entidade, Robson Braga de Andrade, a reforma \u00e9 decisiva para atrair investimentos para o Pa\u00eds.<\/p>\n<p>&#8220;Se a reforma da Previd\u00eancia n\u00e3o for aprovada, h\u00e1 o risco de o governo n\u00e3o fechar as contas, o que representa uma amea\u00e7a para o crescimento da economia&#8221;, destacou Andrade.<\/p>\n<p>Inabilidade de Temer<\/p>\n<p>A Reforma da Previd\u00eancia s\u00f3 n\u00e3o foi votada em 2018 por falta de habilidade na articula\u00e7\u00e3o pol\u00edtica. No final de novembro, o Pal\u00e1cio do Planalto \u2014\u00a0pressionado pelo PMDB paulista\u00a0\u2014 decidiu trocar o ministro da Secretaria de Governo, cargo ent\u00e3o ocupado por Ant\u00f4nio Imbassahy (PSDB), pelo deputado Carlos Marun (PMDB-MS), membro da tropa de choque de Temer.<\/p>\n<p>No mesmo dia, depois de publicar o an\u00fancio na conta oficial do governo no Twitter, o\u00a0governo voltou atr\u00e1s\u00a0e manteve o tucano.<\/p>\n<p>No in\u00edcio de dezembro, por\u00e9m, o pr\u00f3prio Imbassahy entregou o cargo e foi substitu\u00eddo por Marun. O defensor ferrenho do governo ganhou do pr\u00f3prio Michel Temer a incumb\u00eancia de\u00a0trabalhar 18 horas por dia\u00a0para aprovar a mudan\u00e7a nas regras da aposentadoria.<\/p>\n<p>Al\u00e9m disso, o governo patinou na tarefa de agregar partidos da base para votar a Reforma da Previd\u00eancia ainda em 2017.<\/p>\n<p>O PSDB, partido que ainda n\u00e3o desembarcou do governo, permanece na base aliada e possui dois minist\u00e9rios, j\u00e1 fechou quest\u00e3o e decidiu apoiar as mudan\u00e7as das regras das aposentadorias.<\/p>\n<p>O presidente nacional do PSDB, Geraldo Alckmin, indicou, na \u00faltima sexta-feira (15), que os parlamentares do partido esperavam por uma vota\u00e7\u00e3o do tema ainda em 2017.<\/p>\n<p>\u201cO PSDB vai votar a favor independente de data. Votaria agora e votar\u00e1 se for em fevereiro. \u00c9 uma reforma necess\u00e1ria. Precisamos caminhar para um regime \u00fanico de previd\u00eancia, n\u00e3o h\u00e1 raz\u00e3o para tantas distin\u00e7\u00f5es\u201d, afirmou.<\/p>\n<p>O tucano chegou a afirmar, em agenda no interior de S\u00e3o Paulo no \u00faltimo s\u00e1bado (16), que os deputados que votassem contra a Reforma da Previd\u00eancia seriam punidos pelo partido. Isso quer dizer que os 46 parlamentares da sigla devem dizer \u201csim\u201d \u00e0 proposta.<\/p>\n<p><strong>CARIRI EM A\u00c7\u00c3O<\/strong><\/p>\n<p><em>Com R7\/Foto: Reprodu\u00e7\u00e3o Google\u00a0\u00a0 <\/em><\/p>\n<p><strong>Leia mais not\u00edcias em\u00a0<\/strong><a href=\"http:\/\/www.caririemacao.com\/\"><strong>caririemacao.com<\/strong><\/a><strong>, siga nossa p\u00e1gina no\u00a0<\/strong><a href=\"https:\/\/www.facebook.com\/CaririEmAcao\/?ref=aymt_homepage_panel\"><strong>Facebook<\/strong><\/a>,<strong>\u00a0<\/strong><a href=\"https:\/\/www.instagram.com\/cariri_em_acao\/?hl=pt-br\"><strong>Instagram<\/strong><\/a><strong>\u00a0e <\/strong><a href=\"https:\/\/www.youtube.com\/channel\/UCAptA0jQuYQy8vMhLt2m4qg\"><strong>Youtube<\/strong><\/a><strong>\u00a0e veja nossas mat\u00e9rias, v\u00eddeos e fotos. Voc\u00ea tamb\u00e9m pode enviar informa\u00e7\u00f5es \u00e0 Reda\u00e7\u00e3o do Portal Cariri em A\u00e7\u00e3o pelo WhatsApp (83) 9 9634.5791, (83) 9 9601-1162.<\/strong><\/p>\n","protected":false},"excerpt":{"rendered":"<p>Adiada para o m\u00eas de fevereiro de 2018, a\u00a0vota\u00e7\u00e3o da reforma da Previd\u00eancia\u00a0promete colaborar para que economia brasileira deixe definitivamente para tr\u00e1s a crise que&hellip; <\/p>\n","protected":false},"author":2,"featured_media":17342,"comment_status":"closed","ping_status":"closed","sticky":false,"template":"","format":"standard","meta":{"sfsi_plus_gutenberg_text_before_share":"","sfsi_plus_gutenberg_show_text_before_share":"","sfsi_plus_gutenberg_icon_type":"","sfsi_plus_gutenberg_icon_alignemt":"","sfsi_plus_gutenburg_max_per_row":"","footnotes":""},"categories":[11],"tags":[],"class_list":["post-35302","post","type-post","status-publish","format-standard","has-post-thumbnail","hentry","category-politica"],"_links":{"self":[{"href":"https:\/\/www.caririemacao.com\/1\/wp-json\/wp\/v2\/posts\/35302","targetHints":{"allow":["GET"]}}],"collection":[{"href":"https:\/\/www.caririemacao.com\/1\/wp-json\/wp\/v2\/posts"}],"about":[{"href":"https:\/\/www.caririemacao.com\/1\/wp-json\/wp\/v2\/types\/post"}],"author":[{"embeddable":true,"href":"https:\/\/www.caririemacao.com\/1\/wp-json\/wp\/v2\/users\/2"}],"replies":[{"embeddable":true,"href":"https:\/\/www.caririemacao.com\/1\/wp-json\/wp\/v2\/comments?post=35302"}],"version-history":[{"count":0,"href":"https:\/\/www.caririemacao.com\/1\/wp-json\/wp\/v2\/posts\/35302\/revisions"}],"wp:featuredmedia":[{"embeddable":true,"href":"https:\/\/www.caririemacao.com\/1\/wp-json\/wp\/v2\/media\/17342"}],"wp:attachment":[{"href":"https:\/\/www.caririemacao.com\/1\/wp-json\/wp\/v2\/media?parent=35302"}],"wp:term":[{"taxonomy":"category","embeddable":true,"href":"https:\/\/www.caririemacao.com\/1\/wp-json\/wp\/v2\/categories?post=35302"},{"taxonomy":"post_tag","embeddable":true,"href":"https:\/\/www.caririemacao.com\/1\/wp-json\/wp\/v2\/tags?post=35302"}],"curies":[{"name":"wp","href":"https:\/\/api.w.org\/{rel}","templated":true}]}}