{"id":35305,"date":"2017-12-19T08:07:04","date_gmt":"2017-12-19T11:07:04","guid":{"rendered":"http:\/\/caririemacao.com\/1\/?p=35305"},"modified":"2017-12-19T08:07:04","modified_gmt":"2017-12-19T11:07:04","slug":"radares-das-rodovias-federais-da-paraiba-sao-desligados-diz-dnit","status":"publish","type":"post","link":"https:\/\/www.caririemacao.com\/1\/2017\/12\/19\/radares-das-rodovias-federais-da-paraiba-sao-desligados-diz-dnit\/","title":{"rendered":"Radares das rodovias federais da Para\u00edba s\u00e3o desligados, diz DNIT"},"content":{"rendered":"<div class=\"mc-column\">\n<div class=\"content-publication-data\">\n<p class=\"content-publication-data__updated\"><span style=\"font-family: inherit; font-size: inherit; font-style: inherit; font-variant-ligatures: inherit; font-variant-caps: inherit; font-weight: inherit; text-align: center;\">Os 32 radares de fiscaliza\u00e7\u00e3o eletr\u00f4nica das rodovias federais que cruzam a Para\u00edba foram desligados devido a cortes or\u00e7ament\u00e1rios, segundo informou o Departamento Nacional de Infraestrutura de Transportes (Dnit), nesta segunda-feira (18). Ainda de acordo com o \u00f3rg\u00e3o, as 43 lombadas eletr\u00f4nicas continuam funcionando normalmente.<\/span><\/p>\n<\/div>\n<\/div>\n<div class=\"mc-article-body\">\n<article>\n<div class=\"mc-column content-text active-extra-styles \" data-block-type=\"unstyled\" data-block-weight=\"41\" data-block-id=\"2\">\n<p class=\"content-text__container \" data-track-category=\"Link no Texto\" data-track-links=\"\">Segundo o Dnit, o desligamento foi necess\u00e1rio diante do cancelamento de cr\u00e9ditos or\u00e7ament\u00e1rios destinados \u00e0 opera\u00e7\u00e3o e manuten\u00e7\u00e3o dos equipamentos de fiscaliza\u00e7\u00e3o eletr\u00f4nica. O cancelamento foi resultado do Projeto de Lei proposto do Minist\u00e9rio do Planejamento, prevendo cortes em recursos or\u00e7ament\u00e1rios.<\/p>\n<\/div>\n<div class=\"mc-column content-text active-extra-styles \" data-block-type=\"unstyled\" data-block-weight=\"47\" data-block-id=\"3\">\n<p class=\"content-text__container \" data-track-category=\"Link no Texto\" data-track-links=\"\">A decis\u00e3o foi tomada com base na responsabilidade fiscal, apenas para os pardais. As lombadas eletr\u00f4nicas \u201ccontinuam com seu funcionamento normal, por ser um equipamento de fiscaliza\u00e7\u00e3o que proporciona ostensivamente a seguran\u00e7a no tr\u00e2nsito, se concentrando nas travessias urbanas, pr\u00f3ximas a hospitais, escolas, cruzamentos, retornos, entre outros\u201d.<\/p>\n<\/div>\n<div class=\"mc-column content-text active-extra-styles \" data-block-type=\"unstyled\" data-block-weight=\"36\" data-block-id=\"4\">\n<p class=\"content-text__container \" data-track-category=\"Link no Texto\" data-track-links=\"\">O Dnit ainda explicou que um cr\u00e9dito suplementar de R$ 50 milh\u00f5es foi aprovado para o \u00f3rg\u00e3o nacionalmente, na semana passada. dessa verba, o Dnit pretende reservar uma parte para viabilizar a reativa\u00e7\u00e3o dos radares desligados.<\/p>\n<\/div>\n<div data-track-category=\"fim do conteudo\" data-track-action=\"ultimo chunk conteudo\" data-track-noninteraction=\"false\" data-track-scroll=\"entrada completa viewport\">\n<div class=\"mc-column content-text active-extra-styles \" data-block-type=\"unstyled\" data-block-weight=\"43\" data-block-id=\"5\">\n<p class=\"content-text__container \" data-track-category=\"Link no Texto\" data-track-links=\"\">As empresas respons\u00e1veis pela opera\u00e7\u00e3o e manuten\u00e7\u00e3o desses aparelhos j\u00e1 foram contatadas sobre a possibilidade da continuidade da presta\u00e7\u00e3o dos servi\u00e7os, e o Dnit aguarda a resposta dessas empresas e o comunicado oficial da Diretoria do \u00f3rg\u00e3o para iniciar a reativa\u00e7\u00e3o desses equipamentos.<\/p>\n<\/div>\n<\/div>\n<\/article>\n<\/div>\n<p><strong>CARIRI EM A\u00c7\u00c3O<\/strong><\/p>\n<p><em>Com G1\/Foto: Reprodu\u00e7\u00e3o Google\u00a0\u00a0 <\/em><\/p>\n<p><strong>Leia mais not\u00edcias em\u00a0<\/strong><a href=\"http:\/\/www.caririemacao.com\/\"><strong>caririemacao.com<\/strong><\/a><strong>, siga nossa p\u00e1gina no\u00a0<\/strong><a href=\"https:\/\/www.facebook.com\/CaririEmAcao\/?ref=aymt_homepage_panel\"><strong>Facebook<\/strong><\/a>,<strong>\u00a0<\/strong><a href=\"https:\/\/www.instagram.com\/cariri_em_acao\/?hl=pt-br\"><strong>Instagram<\/strong><\/a><strong>\u00a0e <\/strong><a href=\"https:\/\/www.youtube.com\/channel\/UCAptA0jQuYQy8vMhLt2m4qg\"><strong>Youtube<\/strong><\/a><strong>\u00a0e veja nossas mat\u00e9rias, v\u00eddeos e fotos. Voc\u00ea tamb\u00e9m pode enviar informa\u00e7\u00f5es \u00e0 Reda\u00e7\u00e3o do Portal Cariri em A\u00e7\u00e3o pelo WhatsApp (83) 9 9634.5791, (83) 9 9601-1162.<\/strong><\/p>\n","protected":false},"excerpt":{"rendered":"<p>Os 32 radares de fiscaliza\u00e7\u00e3o eletr\u00f4nica das rodovias federais que cruzam a Para\u00edba foram desligados devido a cortes or\u00e7ament\u00e1rios, segundo informou o Departamento Nacional de&hellip; <\/p>\n","protected":false},"author":2,"featured_media":35307,"comment_status":"closed","ping_status":"closed","sticky":false,"template":"","format":"standard","meta":{"sfsi_plus_gutenberg_text_before_share":"","sfsi_plus_gutenberg_show_text_before_share":"","sfsi_plus_gutenberg_icon_type":"","sfsi_plus_gutenberg_icon_alignemt":"","sfsi_plus_gutenburg_max_per_row":"","footnotes":""},"categories":[2],"tags":[],"class_list":["post-35305","post","type-post","status-publish","format-standard","has-post-thumbnail","hentry","category-geral"],"_links":{"self":[{"href":"https:\/\/www.caririemacao.com\/1\/wp-json\/wp\/v2\/posts\/35305","targetHints":{"allow":["GET"]}}],"collection":[{"href":"https:\/\/www.caririemacao.com\/1\/wp-json\/wp\/v2\/posts"}],"about":[{"href":"https:\/\/www.caririemacao.com\/1\/wp-json\/wp\/v2\/types\/post"}],"author":[{"embeddable":true,"href":"https:\/\/www.caririemacao.com\/1\/wp-json\/wp\/v2\/users\/2"}],"replies":[{"embeddable":true,"href":"https:\/\/www.caririemacao.com\/1\/wp-json\/wp\/v2\/comments?post=35305"}],"version-history":[{"count":0,"href":"https:\/\/www.caririemacao.com\/1\/wp-json\/wp\/v2\/posts\/35305\/revisions"}],"wp:featuredmedia":[{"embeddable":true,"href":"https:\/\/www.caririemacao.com\/1\/wp-json\/wp\/v2\/media\/35307"}],"wp:attachment":[{"href":"https:\/\/www.caririemacao.com\/1\/wp-json\/wp\/v2\/media?parent=35305"}],"wp:term":[{"taxonomy":"category","embeddable":true,"href":"https:\/\/www.caririemacao.com\/1\/wp-json\/wp\/v2\/categories?post=35305"},{"taxonomy":"post_tag","embeddable":true,"href":"https:\/\/www.caririemacao.com\/1\/wp-json\/wp\/v2\/tags?post=35305"}],"curies":[{"name":"wp","href":"https:\/\/api.w.org\/{rel}","templated":true}]}}