{"id":35314,"date":"2017-12-19T08:30:45","date_gmt":"2017-12-19T11:30:45","guid":{"rendered":"http:\/\/caririemacao.com\/1\/?p=35314"},"modified":"2017-12-19T08:30:45","modified_gmt":"2017-12-19T11:30:45","slug":"matriculas-para-alunos-novatos-da-rede-estadual-se-encerram-nesta-quinta","status":"publish","type":"post","link":"https:\/\/www.caririemacao.com\/1\/2017\/12\/19\/matriculas-para-alunos-novatos-da-rede-estadual-se-encerram-nesta-quinta\/","title":{"rendered":"Matr\u00edculas para alunos novatos da Rede Estadual se encerram nesta quinta"},"content":{"rendered":"<p>As matr\u00edculas para os alunos novatos na Rede Estadual de Ensino se encerram nesta quinta-feira (21). A Secretaria de Estado da Educa\u00e7\u00e3o informa que para efetivar a matr\u00edcula os alunos ou pais devem procurar a escola e preencher o formul\u00e1rio, que dever\u00e1 ser assinado pelo respons\u00e1vel, caso o aluno tenha menos de 18 anos, ou por ele mesmo, se tiver mais de 18 anos.<\/p>\n<p>Al\u00e9m da ficha de inscri\u00e7\u00e3o, os novatos devem levar c\u00f3pias da certid\u00e3o de nascimento, RG e CPF, duas fotos 3\u00d74, comprovante de resid\u00eancia e hist\u00f3rico escolar emitido pela escola de origem. A Rede Estadual tem capacidade para 500 mil alunos e o Governo do Estado garante vagas para todos que quiserem se matricular.<\/p>\n<p>Para mais informa\u00e7\u00f5es sobre vagas e escolas, a 1\u00aa Ger\u00eancia Regional de Educa\u00e7\u00e3o (GRE), com sede em Jo\u00e3o Pessoa, disponibiliza, no hor\u00e1rio de expediente, atendimento ao p\u00fablico por meio do telefone: 3218-5138. No per\u00edodo de 22 a 29 de dezembro, ser\u00e3o realizados eventuais ajustes nas matr\u00edculas. Nos dias 1\u00ba, 2, 5 e 6 de fevereiro, acontecer\u00e1 o planejamento do ano letivo, por parte dos professores e gestores escolares. As aulas do ano letivo de 2018 come\u00e7am no dia 7 de fevereiro.<\/p>\n<p><strong>Escolas Cidad\u00e3s Integrais<\/strong>\u00a0\u2013 Para 2018, o Governo do Estado ampliar\u00e1 de 33 para 100 o n\u00famero de Escolas Cidad\u00e3s Integrais em todo Estado, com a oferta de aproximadamente 35 mil vagas. As Escolas Cidad\u00e3s Integrais contemplam um projeto de escola p\u00fablica com a proposta de organiza\u00e7\u00e3o e funcionamento em tempo integral. Trata-se de uma pol\u00edtica p\u00fablica de educa\u00e7\u00e3o integral, inserida nos Planos Estadual e Nacional de Educa\u00e7\u00e3o.<\/p>\n<p>As Escolas Cidad\u00e3s Integrais T\u00e9cnicas seguem o mesmo projeto pedag\u00f3gico da Escola Cidad\u00e3 Integral, mas tendo como diferencial os cursos t\u00e9cnicos. Ambas t\u00eam como foco proporcionar aos jovens uma forma\u00e7\u00e3o integral, contribuindo para que os estudantes sejam protagonistas em seus locais de atua\u00e7\u00e3o.<\/p>\n<p>A Escola Cidad\u00e3 funciona em tempo integral com 9 aulas di\u00e1rias, com um curr\u00edculo integrado formado por disciplinas da base comum curricular, disciplinas da parte diversificada e disciplinas da base profissional, no caso das Escolas Cidad\u00e3s Integrais T\u00e9cnicas (ECIT).<\/p>\n<p><strong>CARIRI EM A\u00c7\u00c3O<\/strong><\/p>\n<p><em>Com Secom \/Foto: Reprodu\u00e7\u00e3o Google\u00a0\u00a0 <\/em><\/p>\n<p><strong>Leia mais not\u00edcias em\u00a0<\/strong><a href=\"http:\/\/www.caririemacao.com\/\"><strong>caririemacao.com<\/strong><\/a><strong>, siga nossa p\u00e1gina no\u00a0<\/strong><a href=\"https:\/\/www.facebook.com\/CaririEmAcao\/?ref=aymt_homepage_panel\"><strong>Facebook<\/strong><\/a>,<strong>\u00a0<\/strong><a href=\"https:\/\/www.instagram.com\/cariri_em_acao\/?hl=pt-br\"><strong>Instagram<\/strong><\/a><strong>\u00a0e <\/strong><a href=\"https:\/\/www.youtube.com\/channel\/UCAptA0jQuYQy8vMhLt2m4qg\"><strong>Youtube<\/strong><\/a><strong>\u00a0e veja nossas mat\u00e9rias, v\u00eddeos e fotos. Voc\u00ea tamb\u00e9m pode enviar informa\u00e7\u00f5es \u00e0 Reda\u00e7\u00e3o do Portal Cariri em A\u00e7\u00e3o pelo WhatsApp (83) 9 9634.5791, (83) 9 9601-1162.<\/strong><\/p>\n","protected":false},"excerpt":{"rendered":"<p>As matr\u00edculas para os alunos novatos na Rede Estadual de Ensino se encerram nesta quinta-feira (21). A Secretaria de Estado da Educa\u00e7\u00e3o informa que para&hellip; <\/p>\n","protected":false},"author":2,"featured_media":26369,"comment_status":"closed","ping_status":"closed","sticky":false,"template":"","format":"standard","meta":{"sfsi_plus_gutenberg_text_before_share":"","sfsi_plus_gutenberg_show_text_before_share":"","sfsi_plus_gutenberg_icon_type":"","sfsi_plus_gutenberg_icon_alignemt":"","sfsi_plus_gutenburg_max_per_row":"","footnotes":""},"categories":[14],"tags":[],"class_list":["post-35314","post","type-post","status-publish","format-standard","has-post-thumbnail","hentry","category-educacao"],"_links":{"self":[{"href":"https:\/\/www.caririemacao.com\/1\/wp-json\/wp\/v2\/posts\/35314","targetHints":{"allow":["GET"]}}],"collection":[{"href":"https:\/\/www.caririemacao.com\/1\/wp-json\/wp\/v2\/posts"}],"about":[{"href":"https:\/\/www.caririemacao.com\/1\/wp-json\/wp\/v2\/types\/post"}],"author":[{"embeddable":true,"href":"https:\/\/www.caririemacao.com\/1\/wp-json\/wp\/v2\/users\/2"}],"replies":[{"embeddable":true,"href":"https:\/\/www.caririemacao.com\/1\/wp-json\/wp\/v2\/comments?post=35314"}],"version-history":[{"count":0,"href":"https:\/\/www.caririemacao.com\/1\/wp-json\/wp\/v2\/posts\/35314\/revisions"}],"wp:featuredmedia":[{"embeddable":true,"href":"https:\/\/www.caririemacao.com\/1\/wp-json\/wp\/v2\/media\/26369"}],"wp:attachment":[{"href":"https:\/\/www.caririemacao.com\/1\/wp-json\/wp\/v2\/media?parent=35314"}],"wp:term":[{"taxonomy":"category","embeddable":true,"href":"https:\/\/www.caririemacao.com\/1\/wp-json\/wp\/v2\/categories?post=35314"},{"taxonomy":"post_tag","embeddable":true,"href":"https:\/\/www.caririemacao.com\/1\/wp-json\/wp\/v2\/tags?post=35314"}],"curies":[{"name":"wp","href":"https:\/\/api.w.org\/{rel}","templated":true}]}}