{"id":35315,"date":"2017-12-19T09:12:53","date_gmt":"2017-12-19T12:12:53","guid":{"rendered":"http:\/\/caririemacao.com\/1\/?p=35315"},"modified":"2017-12-19T09:12:53","modified_gmt":"2017-12-19T12:12:53","slug":"paraiba-perde-mais-de-66-da-vegetacao-florestal-em-15-anos-diz-ibge","status":"publish","type":"post","link":"https:\/\/www.caririemacao.com\/1\/2017\/12\/19\/paraiba-perde-mais-de-66-da-vegetacao-florestal-em-15-anos-diz-ibge\/","title":{"rendered":"Para\u00edba perde mais de 66% da vegeta\u00e7\u00e3o florestal em 15 anos, diz IBGE"},"content":{"rendered":"<div class=\" content-media content-media--normal content-media--featured content-photo\" data-block-type=\"backstage-photo\" data-block-id=\"0\">\n<div class=\"content-media__container\">\n<div class=\"content-media__description-centered mc-column\">\n<p class=\"content-media__description\">A Para\u00edba perdeu 66,6% da vegeta\u00e7\u00e3o florestal em 15 anos, segundo relat\u00f3rio da Cobertura e Uso da Terra do Instituto Brasileiro de Geografia e Estat\u00edstica (IBGE) divulgado nesta segunda-feira (18). Tamb\u00e9m representando queda, a pastagem natural reduziu 8 mil km\u00b2 em 15 anos (24,3%), dando lugar ao solo chamado de \u201cMosaico de \u00c1rea Agr\u00edcola com Remanescentes Campestres\u201d.<\/p>\n<\/div>\n<\/div>\n<\/div>\n<div class=\"mc-column content-text active-extra-styles \" data-block-type=\"unstyled\" data-block-weight=\"52\" data-block-id=\"3\">\n<p class=\"content-text__container \" data-track-category=\"Link no Texto\" data-track-links=\"\">Em 2000, ano que o monitoramento do solo pelo IBGE iniciou, a Para\u00edba tinha 9 km\u00b2 de vegeta\u00e7\u00e3o florestal, reduzindo para 5 km\u00b2 em 2010 e alcan\u00e7ando 3 km\u00b2 em 2012. O n\u00famero de 3 km\u00b2 (66,6% menor) manteve-se constante de 2012 a 2014, per\u00edodo que encerra a an\u00e1lise divulgada nesta segunda-feira.<\/p>\n<\/div>\n<div class=\"mc-column content-text active-extra-styles \" data-block-type=\"unstyled\" data-block-weight=\"57\" data-block-id=\"4\">\n<p class=\"content-text__container \" data-track-category=\"Link no Texto\" data-track-links=\"\">Apesar da redu\u00e7\u00e3o de 8 mil km\u00b2 do solo \u201cpastagem natural\u201d que, segundo o IBGE foi convertido em \u201cMosaico de \u00c1rea Agr\u00edcola com Remanescentes Campestres\u201d no estado, o instituto n\u00e3o informa o quanto do mosaico aumento no mesmo per\u00edodo de 15 anos. A \u00e1rea de pastagem natural reduziu 33.967 km\u00b2 em 2000 para 25.710 km\u00b2 em 2014.<\/p>\n<\/div>\n<div class=\"mc-column content-text active-extra-styles \" data-block-type=\"unstyled\" data-block-weight=\"49\" data-block-id=\"5\">\n<p class=\"content-text__container \" data-track-category=\"Link no Texto\" data-track-links=\"\">O mestre em Geografia e professor Alexandre de Brito Faria credita ao uso de lenha e \u00e0s secas repetitivas desde 2011a queda no tamanho da vegeta\u00e7\u00e3o na Para\u00edba. &#8220;No interior ainda se usa bastante lenha para diversos usos, entre eles nas olarias, que produs tijolos, telhas e cer\u00e2micas&#8221;, conta.<\/p>\n<\/div>\n<div data-track-category=\"fim do conteudo\" data-track-action=\"ultimo chunk conteudo\" data-track-noninteraction=\"false\" data-track-scroll=\"entrada completa viewport\">\n<div class=\"mc-column content-text active-extra-styles \" data-block-type=\"unstyled\" data-block-weight=\"40\" data-block-id=\"6\">\n<p class=\"content-text__container \" data-track-category=\"Link no Texto\" data-track-links=\"\">Quanto \u00e0 redu\u00e7\u00e3o do solo &#8220;pastagem natural&#8221;, Alexandre diz que a reconvers\u00e3o \u00e9 realmente o principal fator. O solo passa a ser usado para outros fins, como a pastagem para gado, planta\u00e7\u00f5es e at\u00e9 mesmo para a urbaniza\u00e7\u00e3o das cidades.<\/p>\n<\/div>\n<\/div>\n<p><strong>CARIRI EM A\u00c7\u00c3O<\/strong><\/p>\n<p><em>Com Uol \/Foto: Reprodu\u00e7\u00e3o Google\u00a0\u00a0 <\/em><\/p>\n<p><strong>Leia mais not\u00edcias em\u00a0<\/strong><a href=\"http:\/\/www.caririemacao.com\/\"><strong>caririemacao.com<\/strong><\/a><strong>, siga nossa p\u00e1gina no\u00a0<\/strong><a href=\"https:\/\/www.facebook.com\/CaririEmAcao\/?ref=aymt_homepage_panel\"><strong>Facebook<\/strong><\/a>,<strong>\u00a0<\/strong><a href=\"https:\/\/www.instagram.com\/cariri_em_acao\/?hl=pt-br\"><strong>Instagram<\/strong><\/a><strong>\u00a0e <\/strong><a href=\"https:\/\/www.youtube.com\/channel\/UCAptA0jQuYQy8vMhLt2m4qg\"><strong>Youtube<\/strong><\/a><strong>\u00a0e veja nossas mat\u00e9rias, v\u00eddeos e fotos. Voc\u00ea tamb\u00e9m pode enviar informa\u00e7\u00f5es \u00e0 Reda\u00e7\u00e3o do Portal Cariri em A\u00e7\u00e3o pelo WhatsApp (83) 9 9634.5791, (83) 9 9601-1162.<\/strong><\/p>\n","protected":false},"excerpt":{"rendered":"<p>A Para\u00edba perdeu 66,6% da vegeta\u00e7\u00e3o florestal em 15 anos, segundo relat\u00f3rio da Cobertura e Uso da Terra do Instituto Brasileiro de Geografia e Estat\u00edstica&hellip; <\/p>\n","protected":false},"author":2,"featured_media":35326,"comment_status":"closed","ping_status":"closed","sticky":false,"template":"","format":"standard","meta":{"sfsi_plus_gutenberg_text_before_share":"","sfsi_plus_gutenberg_show_text_before_share":"","sfsi_plus_gutenberg_icon_type":"","sfsi_plus_gutenberg_icon_alignemt":"","sfsi_plus_gutenburg_max_per_row":"","footnotes":""},"categories":[2],"tags":[],"class_list":["post-35315","post","type-post","status-publish","format-standard","has-post-thumbnail","hentry","category-geral"],"_links":{"self":[{"href":"https:\/\/www.caririemacao.com\/1\/wp-json\/wp\/v2\/posts\/35315","targetHints":{"allow":["GET"]}}],"collection":[{"href":"https:\/\/www.caririemacao.com\/1\/wp-json\/wp\/v2\/posts"}],"about":[{"href":"https:\/\/www.caririemacao.com\/1\/wp-json\/wp\/v2\/types\/post"}],"author":[{"embeddable":true,"href":"https:\/\/www.caririemacao.com\/1\/wp-json\/wp\/v2\/users\/2"}],"replies":[{"embeddable":true,"href":"https:\/\/www.caririemacao.com\/1\/wp-json\/wp\/v2\/comments?post=35315"}],"version-history":[{"count":0,"href":"https:\/\/www.caririemacao.com\/1\/wp-json\/wp\/v2\/posts\/35315\/revisions"}],"wp:featuredmedia":[{"embeddable":true,"href":"https:\/\/www.caririemacao.com\/1\/wp-json\/wp\/v2\/media\/35326"}],"wp:attachment":[{"href":"https:\/\/www.caririemacao.com\/1\/wp-json\/wp\/v2\/media?parent=35315"}],"wp:term":[{"taxonomy":"category","embeddable":true,"href":"https:\/\/www.caririemacao.com\/1\/wp-json\/wp\/v2\/categories?post=35315"},{"taxonomy":"post_tag","embeddable":true,"href":"https:\/\/www.caririemacao.com\/1\/wp-json\/wp\/v2\/tags?post=35315"}],"curies":[{"name":"wp","href":"https:\/\/api.w.org\/{rel}","templated":true}]}}