{"id":35317,"date":"2017-12-19T08:45:04","date_gmt":"2017-12-19T11:45:04","guid":{"rendered":"http:\/\/caririemacao.com\/1\/?p=35317"},"modified":"2017-12-19T08:45:04","modified_gmt":"2017-12-19T11:45:04","slug":"senado-estima-que-transposicao-do-sao-francisco-vai-consumir-mais-r-683-bilhoes","status":"publish","type":"post","link":"https:\/\/www.caririemacao.com\/1\/2017\/12\/19\/senado-estima-que-transposicao-do-sao-francisco-vai-consumir-mais-r-683-bilhoes\/","title":{"rendered":"Senado estima que transposi\u00e7\u00e3o do S\u00e3o Francisco vai consumir mais R$ 6,83 bilh\u00f5es"},"content":{"rendered":"<p>O relat\u00f3rio de avalia\u00e7\u00e3o da pol\u00edtica p\u00fablica sobre \u201cSeguran\u00e7a h\u00eddrica e gest\u00e3o de \u00e1guas nas regi\u00f5es Norte e Nordeste\u201d (RDR 15\/2017) foi aprovado pela Comiss\u00e3o de Desenvolvimento Regional e Turismo (CDR). Entre as principais conclus\u00f5es, est\u00e1 que as obras de transposi\u00e7\u00e3o do Rio S\u00e3o Francisco ainda precisar\u00e3o, para serem finalizadas, de recursos p\u00fablicos da ordem de R$ 6,83 bilh\u00f5es, al\u00e9m do total de cerca de R$ 10 bilh\u00f5es j\u00e1 investidos desde o in\u00edcio da execu\u00e7\u00e3o do projeto em 2007.<\/p>\n<p>O relat\u00f3rio, de autoria da presidente da CDR, senadora F\u00e1tima Bezerra (PT-RN), revela a necessidade de aplica\u00e7\u00e3o de recursos or\u00e7ament\u00e1rios, sobretudo para a constru\u00e7\u00e3o de obras complementares \u2014 que conduzem as \u00e1guas dos canais principais do projeto, eixos Leste e Norte, para as regi\u00f5es a serem beneficiadas.<\/p>\n<p>\u201c\u00c9 preciso garantir recursos para a constru\u00e7\u00e3o de obras estruturantes do Projeto de Integra\u00e7\u00e3o do Rio S\u00e3o Francisco (PISF), a exemplo da Adutora do Agreste (PE) e do ramal do Apodi (RN)\u201d, diz no texto a relatora. Ela se queixa da redu\u00e7\u00e3o or\u00e7ament\u00e1ria feita pelo Minist\u00e9rio do Planejamento, Desenvolvimento e Gest\u00e3o (MPO) nas verbas destinadas \u00e0 transposi\u00e7\u00e3o no Projeto de Lei Or\u00e7ament\u00e1ria para 2018 (PLN 20\/2017) [aprovado pelo Congresso Nacional].<\/p>\n<h4>Revitaliza\u00e7\u00e3o<\/h4>\n<p>Al\u00e9m do t\u00e9rmino das obras, o relat\u00f3rio considera fundamental a implementa\u00e7\u00e3o de um programa consistente de revitaliza\u00e7\u00e3o da bacia do Rio S\u00e3o Francisco. Isto \u00e9 tratado como pr\u00e9-condi\u00e7\u00e3o para garantir o abastecimento de \u00e1gua nas regi\u00f5es beneficiarias da transposi\u00e7\u00e3o.<\/p>\n<p>De acordo com F\u00e1tima Bezerra, a seguran\u00e7a h\u00eddrica da regi\u00e3o somente ser\u00e1 conseguida ap\u00f3s o equacionamento de problemas que afetam a qualidade da \u00e1gua do S\u00e3o Francisco. Este \u00e9 o caso da falta de infraestrutura nos munic\u00edpios da bacia para tratamento de esgoto e res\u00edduos s\u00f3lidos.<\/p>\n<p>\u201cA continuar a r\u00e1pida degrada\u00e7\u00e3o pela qual passa a bacia, somada a incipientes a\u00e7\u00f5es de revitaliza\u00e7\u00e3o, a \u00e1gua dispon\u00edvel para o projeto da transposi\u00e7\u00e3o poder\u00e1 ser gravemente afetada. Essa situa\u00e7\u00e3o pode e deve ser revertida\u201d, alerta a senadora.<\/p>\n<h4>Gest\u00e3o da \u00e1gua<\/h4>\n<p>Outro ponto fundamental para o \u00eaxito do projeto da transposi\u00e7\u00e3o destacado pelo relat\u00f3rio se refere ao modelo de gest\u00e3o da ser adotado.<\/p>\n<p>Conforme o texto aprovado pela CDR, o sistema de gest\u00e3o dos principais reservat\u00f3rios do Rio S\u00e3o Francisco \u2014 Sobradinho, Tr\u00eas Marias e Itaparica \u2014 dever\u00e1 priorizar o abastecimento humano, harmonizando potenciais conflitos com o uso agr\u00edcola, que consome cerca de 70% da \u00e1gua armazenada, e com o uso para gera\u00e7\u00e3o de energia el\u00e9trica. A demanda de \u00e1gua para agricultura poder\u00e1 ser reduzida significativamente, recomenda o relat\u00f3rio, com o uso de m\u00e9todos mais eficientes de irriga\u00e7\u00e3o.<\/p>\n<p>Em seu relat\u00f3rio, F\u00e1tima Bezerra considera ainda um risco para a gest\u00e3o da transposi\u00e7\u00e3o a hip\u00f3tese de privatiza\u00e7\u00e3o da Eletrobras. Ela alerta que caso haja uma regula\u00e7\u00e3o n\u00e3o adequada pelo poder p\u00fablico, o gestor privado tender\u00e1 a priorizar a gera\u00e7\u00e3o de energia em detrimento do abastecimento de \u00e1gua.<\/p>\n<h4>Regi\u00e3o Norte<\/h4>\n<p>Sobre a quest\u00e3o seguran\u00e7a h\u00eddrica na Regi\u00e3o Norte, o relat\u00f3rio defende implementa\u00e7\u00e3o de a\u00e7\u00f5es governamentais para a regi\u00e3o visando melhorar os \u00edndices de tratamento e coleta de esgotos, e de distribui\u00e7\u00e3o de \u00e1gua tratada.<\/p>\n<p>Em 2017 a Comiss\u00e3o de Meio Ambiente tamb\u00e9m avaliou pol\u00edtica p\u00fablica relacionada. Foi feita avalia\u00e7\u00e3o da revitaliza\u00e7\u00e3o de bacias hidrogr\u00e1ficas em todo o pa\u00eds. O relat\u00f3rio correspondente a esta avalia\u00e7\u00e3o foi igualmente aprovado na quarta-feira (13).<\/p>\n<p><strong>CARIRI EM A\u00c7\u00c3O<\/strong><\/p>\n<p><em>Com Uol \/Foto: Reprodu\u00e7\u00e3o Google\u00a0\u00a0 <\/em><\/p>\n<p><strong>Leia mais not\u00edcias em\u00a0<\/strong><a href=\"http:\/\/www.caririemacao.com\/\"><strong>caririemacao.com<\/strong><\/a><strong>, siga nossa p\u00e1gina no\u00a0<\/strong><a href=\"https:\/\/www.facebook.com\/CaririEmAcao\/?ref=aymt_homepage_panel\"><strong>Facebook<\/strong><\/a>,<strong>\u00a0<\/strong><a href=\"https:\/\/www.instagram.com\/cariri_em_acao\/?hl=pt-br\"><strong>Instagram<\/strong><\/a><strong>\u00a0e <\/strong><a href=\"https:\/\/www.youtube.com\/channel\/UCAptA0jQuYQy8vMhLt2m4qg\"><strong>Youtube<\/strong><\/a><strong>\u00a0e veja nossas mat\u00e9rias, v\u00eddeos e fotos. Voc\u00ea tamb\u00e9m pode enviar informa\u00e7\u00f5es \u00e0 Reda\u00e7\u00e3o do Portal Cariri em A\u00e7\u00e3o pelo WhatsApp (83) 9 9634.5791, (83) 9 9601-1162.<\/strong><\/p>\n","protected":false},"excerpt":{"rendered":"<p>O relat\u00f3rio de avalia\u00e7\u00e3o da pol\u00edtica p\u00fablica sobre \u201cSeguran\u00e7a h\u00eddrica e gest\u00e3o de \u00e1guas nas regi\u00f5es Norte e Nordeste\u201d (RDR 15\/2017) foi aprovado pela Comiss\u00e3o&hellip; <\/p>\n","protected":false},"author":2,"featured_media":22554,"comment_status":"closed","ping_status":"closed","sticky":false,"template":"","format":"standard","meta":{"sfsi_plus_gutenberg_text_before_share":"","sfsi_plus_gutenberg_show_text_before_share":"","sfsi_plus_gutenberg_icon_type":"","sfsi_plus_gutenberg_icon_alignemt":"","sfsi_plus_gutenburg_max_per_row":"","footnotes":""},"categories":[11],"tags":[],"class_list":["post-35317","post","type-post","status-publish","format-standard","has-post-thumbnail","hentry","category-politica"],"_links":{"self":[{"href":"https:\/\/www.caririemacao.com\/1\/wp-json\/wp\/v2\/posts\/35317","targetHints":{"allow":["GET"]}}],"collection":[{"href":"https:\/\/www.caririemacao.com\/1\/wp-json\/wp\/v2\/posts"}],"about":[{"href":"https:\/\/www.caririemacao.com\/1\/wp-json\/wp\/v2\/types\/post"}],"author":[{"embeddable":true,"href":"https:\/\/www.caririemacao.com\/1\/wp-json\/wp\/v2\/users\/2"}],"replies":[{"embeddable":true,"href":"https:\/\/www.caririemacao.com\/1\/wp-json\/wp\/v2\/comments?post=35317"}],"version-history":[{"count":0,"href":"https:\/\/www.caririemacao.com\/1\/wp-json\/wp\/v2\/posts\/35317\/revisions"}],"wp:featuredmedia":[{"embeddable":true,"href":"https:\/\/www.caririemacao.com\/1\/wp-json\/wp\/v2\/media\/22554"}],"wp:attachment":[{"href":"https:\/\/www.caririemacao.com\/1\/wp-json\/wp\/v2\/media?parent=35317"}],"wp:term":[{"taxonomy":"category","embeddable":true,"href":"https:\/\/www.caririemacao.com\/1\/wp-json\/wp\/v2\/categories?post=35317"},{"taxonomy":"post_tag","embeddable":true,"href":"https:\/\/www.caririemacao.com\/1\/wp-json\/wp\/v2\/tags?post=35317"}],"curies":[{"name":"wp","href":"https:\/\/api.w.org\/{rel}","templated":true}]}}