{"id":35319,"date":"2017-12-19T08:56:40","date_gmt":"2017-12-19T11:56:40","guid":{"rendered":"http:\/\/caririemacao.com\/1\/?p=35319"},"modified":"2017-12-19T08:56:40","modified_gmt":"2017-12-19T11:56:40","slug":"prefeitura-de-sume-investe-na-sinalizacao-das-ruas-da-cidade","status":"publish","type":"post","link":"https:\/\/www.caririemacao.com\/1\/2017\/12\/19\/prefeitura-de-sume-investe-na-sinalizacao-das-ruas-da-cidade\/","title":{"rendered":"Prefeitura de Sum\u00e9 investe na sinaliza\u00e7\u00e3o das ruas da cidade"},"content":{"rendered":"<p>A Prefeitura de Sum\u00e9 realizou no \u00faltimo s\u00e1bado (16) o trabalho de sinaliza\u00e7\u00e3o horizontal de algumas vias da cidade, especificamente nos bairros do Carro Quebrado e V\u00e1rzea Redonda.<\/p>\n<p>As vias sinalizadas foram Adamastor Gomes de Ara\u00fajo, no Carro Quebrado, Ruas Hugo Santa Cruz, Francisco Braz, Jo\u00e3o Sime\u00e3o e Luiz Grande, na V\u00e1rzea Redonda e Higino Monteiro, no centro, totalizando quatro quil\u00f4metros.<\/p>\n<p>Melhorias de sinaliza\u00e7\u00e3o no tr\u00e2nsito \u00e9 um trabalho realizado constantemente pela Prefeitura de Sum\u00e9, que ajudam a orientar motoristas, motociclistas e pedestres, al\u00e9m de colocar algumas ruas no centro da cidade como vias de m\u00e3o \u00fanica para melhorar o tr\u00e1fego.<\/p>\n<p>Este ano, a Prefeitura investiu na sinaliza\u00e7\u00e3o das vias vicinais, colocando placas de sinaliza\u00e7\u00e3o na zona rural.<\/p>\n<p>Outro projeto executado pelo munic\u00edpio \u00e9 o trabalho de educa\u00e7\u00e3o permanente no tr\u00e2nsito, tanto nas escolas como na comunidade. O mais recente realizado foi no \u00faltimo m\u00eas de novembro em parceria com a UEPB, Detran e a Pol\u00edcia Rodovi\u00e1ria Federal.<\/p>\n<p><strong>CARIRI EM A\u00c7\u00c3O<\/strong><\/p>\n<p><em>Com Ascom\/Foto: Divulga\u00e7\u00e3o<\/em><\/p>\n<p><strong>Leia mais not\u00edcias em\u00a0<\/strong><a href=\"http:\/\/www.caririemacao.com\/\"><strong>caririemacao.com<\/strong><\/a><strong>, siga nossa p\u00e1gina no\u00a0<\/strong><a href=\"https:\/\/www.facebook.com\/CaririEmAcao\/?ref=aymt_homepage_panel\"><strong>Facebook<\/strong><\/a>,<strong>\u00a0<\/strong><a href=\"https:\/\/www.instagram.com\/cariri_em_acao\/?hl=pt-br\"><strong>Instagram<\/strong><\/a><strong>\u00a0e <\/strong><a href=\"https:\/\/www.youtube.com\/channel\/UCAptA0jQuYQy8vMhLt2m4qg\"><strong>Youtube<\/strong><\/a><strong>\u00a0e veja nossas mat\u00e9rias, v\u00eddeos e fotos. Voc\u00ea tamb\u00e9m pode enviar informa\u00e7\u00f5es \u00e0 Reda\u00e7\u00e3o do Portal Cariri em A\u00e7\u00e3o pelo WhatsApp (83) 9 9634.5791, (83) 9 9601-1162.<\/strong><\/p>\n","protected":false},"excerpt":{"rendered":"<p>A Prefeitura de Sum\u00e9 realizou no \u00faltimo s\u00e1bado (16) o trabalho de sinaliza\u00e7\u00e3o horizontal de algumas vias da cidade, especificamente nos bairros do Carro Quebrado&hellip; <\/p>\n","protected":false},"author":2,"featured_media":35320,"comment_status":"closed","ping_status":"closed","sticky":false,"template":"","format":"standard","meta":{"sfsi_plus_gutenberg_text_before_share":"","sfsi_plus_gutenberg_show_text_before_share":"","sfsi_plus_gutenberg_icon_type":"","sfsi_plus_gutenberg_icon_alignemt":"","sfsi_plus_gutenburg_max_per_row":"","footnotes":""},"categories":[6],"tags":[],"class_list":["post-35319","post","type-post","status-publish","format-standard","has-post-thumbnail","hentry","category-cidades"],"_links":{"self":[{"href":"https:\/\/www.caririemacao.com\/1\/wp-json\/wp\/v2\/posts\/35319","targetHints":{"allow":["GET"]}}],"collection":[{"href":"https:\/\/www.caririemacao.com\/1\/wp-json\/wp\/v2\/posts"}],"about":[{"href":"https:\/\/www.caririemacao.com\/1\/wp-json\/wp\/v2\/types\/post"}],"author":[{"embeddable":true,"href":"https:\/\/www.caririemacao.com\/1\/wp-json\/wp\/v2\/users\/2"}],"replies":[{"embeddable":true,"href":"https:\/\/www.caririemacao.com\/1\/wp-json\/wp\/v2\/comments?post=35319"}],"version-history":[{"count":0,"href":"https:\/\/www.caririemacao.com\/1\/wp-json\/wp\/v2\/posts\/35319\/revisions"}],"wp:featuredmedia":[{"embeddable":true,"href":"https:\/\/www.caririemacao.com\/1\/wp-json\/wp\/v2\/media\/35320"}],"wp:attachment":[{"href":"https:\/\/www.caririemacao.com\/1\/wp-json\/wp\/v2\/media?parent=35319"}],"wp:term":[{"taxonomy":"category","embeddable":true,"href":"https:\/\/www.caririemacao.com\/1\/wp-json\/wp\/v2\/categories?post=35319"},{"taxonomy":"post_tag","embeddable":true,"href":"https:\/\/www.caririemacao.com\/1\/wp-json\/wp\/v2\/tags?post=35319"}],"curies":[{"name":"wp","href":"https:\/\/api.w.org\/{rel}","templated":true}]}}