{"id":35322,"date":"2017-12-19T09:01:20","date_gmt":"2017-12-19T12:01:20","guid":{"rendered":"http:\/\/caririemacao.com\/1\/?p=35322"},"modified":"2017-12-19T09:01:20","modified_gmt":"2017-12-19T12:01:20","slug":"conta-de-luz-consumidor-podera-aderir-tarifa-branca-a-partir-de-janeiro-de-2018","status":"publish","type":"post","link":"https:\/\/www.caririemacao.com\/1\/2017\/12\/19\/conta-de-luz-consumidor-podera-aderir-tarifa-branca-a-partir-de-janeiro-de-2018\/","title":{"rendered":"Conta de luz: Consumidor poder\u00e1 aderir tarifa branca a partir de janeiro de 2018"},"content":{"rendered":"<p>A partir de janeiro de 2018, os brasileiros que consumem, em m\u00e9dia, 500 Kwh\/m\u00eas, v\u00e3o poder reduzir o valor da conta de luz. Isto vai ser poss\u00edvel devido a uma nova op\u00e7\u00e3o chamada tarifa branca, que permite o consumidor pagar valores bem menores se usar a energia el\u00e9trica fora do hor\u00e1rio de pico.<\/p>\n<p>Nos dias \u00fateis, o valor da tarifa branca varia em tr\u00eas hor\u00e1rios: ponta, intermedi\u00e1rio e fora de ponta. Na ponta e no intermedi\u00e1rio, a energia \u00e9 mais cara. Fora de ponta, \u00e9 mais barata. Nos feriados nacionais e nos fins de semana, o valor \u00e9 sempre fora de ponta. Ou seja, o per\u00edodo em que a tarifa branca \u00e9 mais cara \u00e9 das 18hs \u00e0s 21hs. O per\u00edodo intermedi\u00e1rio vai de 17hs \u00e0s 18hs e das 21hs \u00e0s 22hs. Fora destes hor\u00e1rios a tarifa de energia el\u00e9trica vai ser mais barata. \u00c9 o que explica o diretor geral da Aneel, Romeu Rufino.<\/p>\n<p><em>\u201cN\u00e3o \u00e9 n\u00e3o consumir, \u00e9 consumir ao longo do dia e nos finais de semana no hor\u00e1rio diferente deste hor\u00e1rio que n\u00f3s chamamos de ponta.\u201d<\/em><\/p>\n<p>\u00c9 importante que o consumidor, antes de optar pela tarifa branca, conhe\u00e7a o seu perfil de consumo. Quanto mais o consumidor deslocar seu consumo para o per\u00edodo fora de ponta e quanto maior for a diferen\u00e7a entre essas duas tarifas, maiores ser\u00e3o os benef\u00edcios.<\/p>\n<p>Agora, se o seu consumo for maior nos per\u00edodos de ponta e intermedi\u00e1rio e n\u00e3o houver possibilidade de transfer\u00eancia do uso dessa energia el\u00e9trica para o per\u00edodo fora de ponta, essa tarifa branca n\u00e3o \u00e9 recomendada e o ideal e mais vantajoso \u00e9 continuar na tarifa convencional.<\/p>\n<p>O propriet\u00e1rio de uma barbearia do Distrito Federal, Jos\u00e9 Eriston Cartaxo, paga quase mil reais de conta de luz e disse que vai aderir a nova tarifa para tentar economizar.<\/p>\n<p><em>\u201cTudo que d\u00e1 retorno para o empres\u00e1rio eu acho que \u00e9 importante. Faz com que a gente ainda fique mais atento a isto, que a gente vai ver o resultado, n\u00e9?\u201d<\/em><\/p>\n<p>A tarifa vai ser disponibilizada de forma gradual. Quem tem um consumo m\u00e9dio de 500 Kwh\/m\u00eas j\u00e1 pode aderir em janeiro de 2018. J\u00e1 aqueles que consomem, em m\u00e9dia, 250 Kwh\/m\u00eas poder\u00e3o aderir a tarifa branca a partir de 1\u00ba de janeiro de 2019. E no dia 1\u00ba de janeiro de 2020, a tarifa vai estar dispon\u00edvel para toda a popula\u00e7\u00e3o brasileira.<\/p>\n<p>O cidad\u00e3o deve pedir a ades\u00e3o \u00e0 nova tarifa e, se n\u00e3o ver vantagem na redu\u00e7\u00e3o da conta, pode voltar a tarifa normal um m\u00eas depois.<\/p>\n<p><strong>CARIRI EM A\u00c7\u00c3O<\/strong><\/p>\n<p><em>Com Ag\u00eancia R\u00e1dio\/Foto:Divulga\u00e7\u00e3o<\/em><\/p>\n<p><strong>Leia mais not\u00edcias em\u00a0<\/strong><a href=\"http:\/\/www.caririemacao.com\/\"><strong>caririemacao.com<\/strong><\/a><strong>, siga nossa p\u00e1gina no\u00a0<\/strong><a href=\"https:\/\/www.facebook.com\/CaririEmAcao\/?ref=aymt_homepage_panel\"><strong>Facebook<\/strong><\/a>,<strong>\u00a0<\/strong><a href=\"https:\/\/www.instagram.com\/cariri_em_acao\/?hl=pt-br\"><strong>Instagram<\/strong><\/a><strong>\u00a0e <\/strong><a href=\"https:\/\/www.youtube.com\/channel\/UCAptA0jQuYQy8vMhLt2m4qg\"><strong>Youtube<\/strong><\/a><strong>\u00a0e veja nossas mat\u00e9rias, v\u00eddeos e fotos. Voc\u00ea tamb\u00e9m pode enviar informa\u00e7\u00f5es \u00e0 Reda\u00e7\u00e3o do Portal Cariri em A\u00e7\u00e3o pelo WhatsApp (83) 9 9634.5791, (83) 9 9601-1162.<\/strong><\/p>\n","protected":false},"excerpt":{"rendered":"<p>A partir de janeiro de 2018, os brasileiros que consumem, em m\u00e9dia, 500 Kwh\/m\u00eas, v\u00e3o poder reduzir o valor da conta de luz. Isto vai&hellip; <\/p>\n","protected":false},"author":2,"featured_media":35323,"comment_status":"closed","ping_status":"closed","sticky":false,"template":"","format":"standard","meta":{"sfsi_plus_gutenberg_text_before_share":"","sfsi_plus_gutenberg_show_text_before_share":"","sfsi_plus_gutenberg_icon_type":"","sfsi_plus_gutenberg_icon_alignemt":"","sfsi_plus_gutenburg_max_per_row":"","footnotes":""},"categories":[2],"tags":[],"class_list":["post-35322","post","type-post","status-publish","format-standard","has-post-thumbnail","hentry","category-geral"],"_links":{"self":[{"href":"https:\/\/www.caririemacao.com\/1\/wp-json\/wp\/v2\/posts\/35322","targetHints":{"allow":["GET"]}}],"collection":[{"href":"https:\/\/www.caririemacao.com\/1\/wp-json\/wp\/v2\/posts"}],"about":[{"href":"https:\/\/www.caririemacao.com\/1\/wp-json\/wp\/v2\/types\/post"}],"author":[{"embeddable":true,"href":"https:\/\/www.caririemacao.com\/1\/wp-json\/wp\/v2\/users\/2"}],"replies":[{"embeddable":true,"href":"https:\/\/www.caririemacao.com\/1\/wp-json\/wp\/v2\/comments?post=35322"}],"version-history":[{"count":0,"href":"https:\/\/www.caririemacao.com\/1\/wp-json\/wp\/v2\/posts\/35322\/revisions"}],"wp:featuredmedia":[{"embeddable":true,"href":"https:\/\/www.caririemacao.com\/1\/wp-json\/wp\/v2\/media\/35323"}],"wp:attachment":[{"href":"https:\/\/www.caririemacao.com\/1\/wp-json\/wp\/v2\/media?parent=35322"}],"wp:term":[{"taxonomy":"category","embeddable":true,"href":"https:\/\/www.caririemacao.com\/1\/wp-json\/wp\/v2\/categories?post=35322"},{"taxonomy":"post_tag","embeddable":true,"href":"https:\/\/www.caririemacao.com\/1\/wp-json\/wp\/v2\/tags?post=35322"}],"curies":[{"name":"wp","href":"https:\/\/api.w.org\/{rel}","templated":true}]}}