{"id":35328,"date":"2017-12-19T09:31:17","date_gmt":"2017-12-19T12:31:17","guid":{"rendered":"http:\/\/caririemacao.com\/1\/?p=35328"},"modified":"2017-12-19T09:31:17","modified_gmt":"2017-12-19T12:31:17","slug":"incidencia-de-zika-foi-92-menor-em-2017-em-comparacao-a-2016","status":"publish","type":"post","link":"https:\/\/www.caririemacao.com\/1\/2017\/12\/19\/incidencia-de-zika-foi-92-menor-em-2017-em-comparacao-a-2016\/","title":{"rendered":"Incid\u00eancia de Zika foi 92% menor em 2017 em compara\u00e7\u00e3o a 2016"},"content":{"rendered":"<div class=\"ol-content-desc\">\n<p>As notifica\u00e7\u00f5es de dengue, febre chikungunya e zika v\u00edrus, das doen\u00e7as transmitidas pelo mosquito Aedes aegypti, tiveram queda entre janeiro e novembro deste ano na compara\u00e7\u00e3o com o mesmo per\u00edodo de 2016.<\/p>\n<p>Somente os casos de zika foram 92,1% menores, e a taxa de incid\u00eancia passou de 103,9 por 100 mil habitantes no ano passado para 8,2 por 100 mil habitantes em 2017.<\/p>\n<p>A doen\u00e7a \u00e9 descrita pelo Minist\u00e9rio da Sa\u00fade como &#8220;febril aguda, autolimitada, com dura\u00e7\u00e3o de tr\u00eas a sete dias, geralmente sem complica\u00e7\u00f5es graves&#8221;. Por\u00e9m, h\u00e1 registro de mortes e manifesta\u00e7\u00f5es neurol\u00f3gicas, al\u00e9m de causar a microcefalia, condi\u00e7\u00e3o em que o rec\u00e9m-nascido nasce com a cabe\u00e7a menor do que o normal e que causa um atraso no desenvolvimento neurol\u00f3gico e motor da crian\u00e7a.<\/p>\n<p><strong>Transmiss\u00e3o<\/strong><\/p>\n<p>A picada pelo mosquito infectado, principalmente o Aedes aegypti, \u00e9 a principal forma de transmiss\u00e3o do zika v\u00edrus em regi\u00f5es tropicais. Eles picam, normalmente, no in\u00edcio da manh\u00e3 e ao fim da tarde.<\/p>\n<p>Semelhantes aos de outras infec\u00e7\u00f5es por arbov\u00edrus (transmitidos por mosquitos), os sintomas incluem febre, erup\u00e7\u00f5es cut\u00e2neas, conjuntivite, dores nos m\u00fasculos e nas articula\u00e7\u00f5es, mal-estar ou dor de cabe\u00e7a. Esses sintomas s\u00e3o, normalmente, ligeiros e duram de dois a sete dias.<\/p>\n<p>\u201cO pior dos sintomas era a coceira, at\u00e9 a sola do p\u00e9. Fica cheio de pontos vermelhos\u201d, lembra o advogado Gabriel Freza, diagnosticado h\u00e1 cerca de dois anos com a doen\u00e7a em Bras\u00edlia. Independentemente do indicar, \u00e9 necess\u00e1rio procurar o servi\u00e7o de sa\u00fade mais pr\u00f3ximo para orienta\u00e7\u00f5es.<\/p>\n<p>N\u00e3o existe tratamento espec\u00edfico para febre por zika. Recomenda-se o uso de acetaminofeno (paracetamol) ou dipirona para o controle da febre e da dor. Ainda n\u00e3o h\u00e1 vacina dispon\u00edvel.<\/p>\n<p>N\u00e3o \u00e9 aconselhado o uso ou indica\u00e7\u00e3o de \u00e1cido acetilsalic\u00edlico (AAS) e outras drogas anti-inflamat\u00f3rias, por conta do risco de aumentar complica\u00e7\u00f5es hemorr\u00e1gicas. Se os sintomas persistirem ou piorarem, \u00e9 necess\u00e1rio procurar cuidados m\u00e9dicos.<\/p>\n<p><strong>Preven\u00e7\u00e3o<\/strong><\/p>\n<p>Para prevenir o zika v\u00edrus, \u00e9 fundamental reduzir o n\u00famero de mosquitos do Aedes aegypti por meio da elimina\u00e7\u00e3o de criadouros. Para isso, \u00e9 necess\u00e1rio um esfor\u00e7o coletivo para que os reservat\u00f3rios, e qualquer local que possa acumular \u00e1gua, sejam totalmente cobertos com telas ou capas, impedindo o acesso das f\u00eameas gr\u00e1vidas. Em \u00e1reas em que a incid\u00eancia do mosquito \u00e9 maior, a popula\u00e7\u00e3o pode, de forma complementar, utilizar repelentes.<\/p>\n<p>Os cuidados durante a gravidez devem ser redobrados; e \u00e9 indicado o uso de repelentes, al\u00e9m de roupas que cubram o corpo. A filha de Irailde nasceu com microcefalia ap\u00f3s a m\u00e3e ter contra\u00eddo o zika V\u00edrus durante a gesta\u00e7\u00e3o. A fam\u00edlia hoje busca mobilizar a comunidade para o combate ao mosquito. \u201cQuando eu vejo uma m\u00e3ezinha, que est\u00e1 gr\u00e1vida, eu digo \u2018se cuida, \u00e9 bom para voc\u00ea e para a crian\u00e7a\u2019\u201d, disse. Com informa\u00e7\u00f5es do Portal Brasil.<\/p>\n<\/div>\n<div class=\"ol-content-category-s\"><strong>CARIRI EM A\u00c7\u00c3O<\/strong><\/div>\n<div>\n<p><em>Com Rep\u00f3rter PB \/Foto: Reprodu\u00e7\u00e3o google\u00a0\u00a0 <\/em><\/p>\n<p><strong>Leia mais not\u00edcias em\u00a0<\/strong><a href=\"http:\/\/www.caririemacao.com\/\"><strong>caririemacao.com<\/strong><\/a><strong>, siga nossa p\u00e1gina no\u00a0<\/strong><a href=\"https:\/\/www.facebook.com\/CaririEmAcao\/?ref=aymt_homepage_panel\"><strong>Facebook<\/strong><\/a>,<strong>\u00a0<\/strong><a href=\"https:\/\/www.instagram.com\/cariri_em_acao\/?hl=pt-br\"><strong>Instagram<\/strong><\/a><strong>\u00a0e <\/strong><a href=\"https:\/\/www.youtube.com\/channel\/UCAptA0jQuYQy8vMhLt2m4qg\"><strong>Youtube<\/strong><\/a><strong>\u00a0e veja nossas mat\u00e9rias, v\u00eddeos e fotos. Voc\u00ea tamb\u00e9m pode enviar informa\u00e7\u00f5es \u00e0 Reda\u00e7\u00e3o do Portal Cariri em A\u00e7\u00e3o pelo WhatsApp (83) 9 9634.5791, (83) 9 9601-1162.<\/strong><\/p>\n<\/div>\n","protected":false},"excerpt":{"rendered":"<p>As notifica\u00e7\u00f5es de dengue, febre chikungunya e zika v\u00edrus, das doen\u00e7as transmitidas pelo mosquito Aedes aegypti, tiveram queda entre janeiro e novembro deste ano na&hellip; <\/p>\n","protected":false},"author":2,"featured_media":9081,"comment_status":"closed","ping_status":"closed","sticky":false,"template":"","format":"standard","meta":{"sfsi_plus_gutenberg_text_before_share":"","sfsi_plus_gutenberg_show_text_before_share":"","sfsi_plus_gutenberg_icon_type":"","sfsi_plus_gutenberg_icon_alignemt":"","sfsi_plus_gutenburg_max_per_row":"","footnotes":""},"categories":[16],"tags":[],"class_list":["post-35328","post","type-post","status-publish","format-standard","has-post-thumbnail","hentry","category-saude"],"_links":{"self":[{"href":"https:\/\/www.caririemacao.com\/1\/wp-json\/wp\/v2\/posts\/35328","targetHints":{"allow":["GET"]}}],"collection":[{"href":"https:\/\/www.caririemacao.com\/1\/wp-json\/wp\/v2\/posts"}],"about":[{"href":"https:\/\/www.caririemacao.com\/1\/wp-json\/wp\/v2\/types\/post"}],"author":[{"embeddable":true,"href":"https:\/\/www.caririemacao.com\/1\/wp-json\/wp\/v2\/users\/2"}],"replies":[{"embeddable":true,"href":"https:\/\/www.caririemacao.com\/1\/wp-json\/wp\/v2\/comments?post=35328"}],"version-history":[{"count":0,"href":"https:\/\/www.caririemacao.com\/1\/wp-json\/wp\/v2\/posts\/35328\/revisions"}],"wp:featuredmedia":[{"embeddable":true,"href":"https:\/\/www.caririemacao.com\/1\/wp-json\/wp\/v2\/media\/9081"}],"wp:attachment":[{"href":"https:\/\/www.caririemacao.com\/1\/wp-json\/wp\/v2\/media?parent=35328"}],"wp:term":[{"taxonomy":"category","embeddable":true,"href":"https:\/\/www.caririemacao.com\/1\/wp-json\/wp\/v2\/categories?post=35328"},{"taxonomy":"post_tag","embeddable":true,"href":"https:\/\/www.caririemacao.com\/1\/wp-json\/wp\/v2\/tags?post=35328"}],"curies":[{"name":"wp","href":"https:\/\/api.w.org\/{rel}","templated":true}]}}