{"id":35337,"date":"2017-12-20T08:57:33","date_gmt":"2017-12-20T11:57:33","guid":{"rendered":"http:\/\/caririemacao.com\/1\/?p=35337"},"modified":"2017-12-20T08:57:33","modified_gmt":"2017-12-20T11:57:33","slug":"prefeita-anna-lorena-entrega-escola-modelo-na-zona-rural-de-monteiro","status":"publish","type":"post","link":"https:\/\/www.caririemacao.com\/1\/2017\/12\/20\/prefeita-anna-lorena-entrega-escola-modelo-na-zona-rural-de-monteiro\/","title":{"rendered":"Prefeita Anna Lorena entrega escola modelo na zona rural de Monteiro"},"content":{"rendered":"<p>A prefeita Anna Lorena estar\u00e1 cumprindo uma extensa agenda no decorrer desta semana, quando participar\u00e1 de diversas solenidades na \u00e1rea urbana e rural do munic\u00edpio.<\/p>\n<p>Nesta quinta-feira, 21, mais uma grande obra ser\u00e1 entregue oficialmente pela prefeita Anna Lorena. A Escola Municipal de Ensino Fundamental Tobias Rem\u00edgio, localizada na comunidade de Cacimba Cima ser\u00e1 a terceira unidade educacional entregue neste primeiro ano de gest\u00e3o, mostrando o compromisso da administra\u00e7\u00e3o com a educa\u00e7\u00e3o das crian\u00e7as e adolescentes do munic\u00edpio.<\/p>\n<p>As novas instala\u00e7\u00f5es da Escola Tobias Rem\u00edgio possui sala para professores, seis Salas de Aulas, salas para Alunos Especiais, Laborat\u00f3rio de Inform\u00e1tica, Sala de Leitura, Sala para Diretoria, Secretaria, Almoxarifado, Cantina, Dispensa, \u00c1rea de Servi\u00e7os, banheiros masculino, feminino e pessoas especiais e vesti\u00e1rios para funcion\u00e1rios.<\/p>\n<p>Na constru\u00e7\u00e3o Escola Tobias Rem\u00edgio foram investidos recursos em torno de R$ 1.200.000,00 (hum milh\u00e3o e duzentos mil), sendo R$ 1.020.501,95 (hum milh\u00e3o, vinte mil, 501 reais e noventa e cinco centavos) com recursos do Fundo Nacional de Desenvolvimento Educacional (FNDE) e R$ 81.020.48 (oitenta e hum mil, vinte reais e 48 centavos) em recursos pr\u00f3prios.<\/p>\n<p>Atualmente a Escola Municipal Tobias Rem\u00edgio atende a 180 alunos e \u00e9 dirigido pelo professor Robelson Barros Cordeiros com supervis\u00e3o das professoras Jacira de Oliveira Silva Rodrigues e Manoel Ivanildo Mendes de Souza.<\/p>\n<p>Para a prefeita Anna Lorena, entregar mais uma unidade educacional mostra a responsabilidade de sua gest\u00e3o para com a educa\u00e7\u00e3o das crian\u00e7as. \u201cDesde o in\u00edcio da gest\u00e3o fazemos quest\u00e3o de frisar que uma de nossas principais preocupa\u00e7\u00e3o \u00e9 com o futuro de nossas crian\u00e7as. Este ano j\u00e1 entregamos as escolas Lauriceia Freitas e Ara\u00fajo Valen\u00e7a, e agora entregamos a escola Tobias Rem\u00edgio, todas dentro um padr\u00e3o modelo\u201d, disse a prefeita.<\/p>\n<p>A solenidade de inaugura\u00e7\u00e3o acontece \u00e0s 16 horas e contar\u00e1 com a presen\u00e7a da prefeita Anna Lorena, da secret\u00e1ria de Educa\u00e7\u00e3o Ana Lima, diretores e funcion\u00e1rios do educand\u00e1rio, secret\u00e1rios municipais, vereadores, familiares do homenageado, alunos, pais de alunos e a comunidade da regi\u00e3o.<\/p>\n<p><strong>CARIRI EM A\u00c7\u00c3O<\/strong><\/p>\n<p><em>Com Ascom \/Foto: Divulga\u00e7\u00e3o<\/em><\/p>\n<p><strong>Leia mais not\u00edcias em\u00a0<\/strong><a href=\"http:\/\/www.caririemacao.com\/\"><strong>caririemacao.com<\/strong><\/a><strong>, siga nossa p\u00e1gina no\u00a0<\/strong><a href=\"https:\/\/www.facebook.com\/CaririEmAcao\/?ref=aymt_homepage_panel\"><strong>Facebook<\/strong><\/a>,<strong>\u00a0<\/strong><a href=\"https:\/\/www.instagram.com\/cariri_em_acao\/?hl=pt-br\"><strong>Instagram<\/strong><\/a><strong>\u00a0e <\/strong><a href=\"https:\/\/www.youtube.com\/channel\/UCAptA0jQuYQy8vMhLt2m4qg\"><strong>Youtube<\/strong><\/a><strong>\u00a0e veja nossas mat\u00e9rias, v\u00eddeos e fotos. Voc\u00ea tamb\u00e9m pode enviar informa\u00e7\u00f5es \u00e0 Reda\u00e7\u00e3o do Portal Cariri em A\u00e7\u00e3o pelo WhatsApp (83) 9 9634.5791, (83) 9 9601-1162.<\/strong><\/p>\n","protected":false},"excerpt":{"rendered":"<p>A prefeita Anna Lorena estar\u00e1 cumprindo uma extensa agenda no decorrer desta semana, quando participar\u00e1 de diversas solenidades na \u00e1rea urbana e rural do munic\u00edpio.&hellip; <\/p>\n","protected":false},"author":2,"featured_media":35338,"comment_status":"closed","ping_status":"closed","sticky":false,"template":"","format":"standard","meta":{"sfsi_plus_gutenberg_text_before_share":"","sfsi_plus_gutenberg_show_text_before_share":"","sfsi_plus_gutenberg_icon_type":"","sfsi_plus_gutenberg_icon_alignemt":"","sfsi_plus_gutenburg_max_per_row":"","footnotes":""},"categories":[14],"tags":[],"class_list":["post-35337","post","type-post","status-publish","format-standard","has-post-thumbnail","hentry","category-educacao"],"_links":{"self":[{"href":"https:\/\/www.caririemacao.com\/1\/wp-json\/wp\/v2\/posts\/35337","targetHints":{"allow":["GET"]}}],"collection":[{"href":"https:\/\/www.caririemacao.com\/1\/wp-json\/wp\/v2\/posts"}],"about":[{"href":"https:\/\/www.caririemacao.com\/1\/wp-json\/wp\/v2\/types\/post"}],"author":[{"embeddable":true,"href":"https:\/\/www.caririemacao.com\/1\/wp-json\/wp\/v2\/users\/2"}],"replies":[{"embeddable":true,"href":"https:\/\/www.caririemacao.com\/1\/wp-json\/wp\/v2\/comments?post=35337"}],"version-history":[{"count":0,"href":"https:\/\/www.caririemacao.com\/1\/wp-json\/wp\/v2\/posts\/35337\/revisions"}],"wp:featuredmedia":[{"embeddable":true,"href":"https:\/\/www.caririemacao.com\/1\/wp-json\/wp\/v2\/media\/35338"}],"wp:attachment":[{"href":"https:\/\/www.caririemacao.com\/1\/wp-json\/wp\/v2\/media?parent=35337"}],"wp:term":[{"taxonomy":"category","embeddable":true,"href":"https:\/\/www.caririemacao.com\/1\/wp-json\/wp\/v2\/categories?post=35337"},{"taxonomy":"post_tag","embeddable":true,"href":"https:\/\/www.caririemacao.com\/1\/wp-json\/wp\/v2\/tags?post=35337"}],"curies":[{"name":"wp","href":"https:\/\/api.w.org\/{rel}","templated":true}]}}