{"id":35342,"date":"2017-12-20T09:09:38","date_gmt":"2017-12-20T12:09:38","guid":{"rendered":"http:\/\/caririemacao.com\/1\/?p=35342"},"modified":"2017-12-20T09:10:35","modified_gmt":"2017-12-20T12:10:35","slug":"aesa-suspende-retirada-de-aguas-do-rio-paraiba-entre-boqueirao-e-acaua","status":"publish","type":"post","link":"https:\/\/www.caririemacao.com\/1\/2017\/12\/20\/aesa-suspende-retirada-de-aguas-do-rio-paraiba-entre-boqueirao-e-acaua\/","title":{"rendered":"Aesa suspende retirada de \u00e1guas do Rio Para\u00edba entre Boqueir\u00e3o e Acau\u00e3"},"content":{"rendered":"<div class=\"contentPost\">\n<p>A retirada das \u00e1guas do Rio Para\u00edba est\u00e1 suspensa a partir desta ter\u00e7a-feira (19), no trecho entre os a\u00e7udes Epit\u00e1cio Pessoa (Boqueir\u00e3o) e a barragem Argemiro de Figueiredo (Acau\u00e3). A medida em restri\u00e7\u00e3o ao uso das \u00e1guas foi determinada pela Ag\u00eancia Executiva de Gest\u00e3o das \u00c1guas do Estado da Para\u00edba (Aesa), em publica\u00e7\u00e3o no Di\u00e1rio Oficial do Estado nesta segunda-feira (18). O manancial \u00e9 respons\u00e1vel pelo abastecimento de nove cidades e um distrito na regi\u00e3o de Itabaiana.<\/p>\n<p>De acordo com o presidente da Aesa, Jo\u00e3o Fernandes, o objetivo da medida \u00e9 garantir a estabilidade do n\u00edvel de \u00e1gua do reservat\u00f3rio, que acumula atualmente apenas 3,77% de sua capacidade h\u00eddrica, o que corresponde a 9,5 milh\u00f5es de metros c\u00fabicos de \u00e1gua. A barragem tem capacidade para armazenar at\u00e9 253 milh\u00f5es de m\u00b3. \u201cA restri\u00e7\u00e3o da retiradas das \u00e1guas do Rio Para\u00edba nesse trecho busca restabelecer o n\u00edvel da barragem da Acau\u00e3, no sentido de garantir a seguran\u00e7a h\u00eddrica para popula\u00e7\u00e3o contemplada pelo abastecimento do reservat\u00f3rio. A expectativa \u00e9 que a situa\u00e7\u00e3o seja restabelecida at\u00e9 quinze dias, do contr\u00e1rio, a medida continua valendo at\u00e9 que o n\u00edvel volte ao normal\u201d, explicou.<\/p>\n<p>Jo\u00e3o Fernandes disse tamb\u00e9m, que o trecho do Rio Para\u00edba entre os dois mananciais ser\u00e1 fiscalizado por t\u00e9cnicos da Aesa. \u201cA partir de hoje a equipe t\u00e9cnica da Aesa estar\u00e1 em vigil\u00e2ncia nesse trecho do Rio Para\u00edba. A restri\u00e7\u00e3o \u00e9 total, portanto, n\u00e3o haver\u00e1 nenhuma permiss\u00e3o para a retirada da \u00e1gua, com exce\u00e7\u00e3o para dessedenta\u00e7\u00e3o animal. O uso das \u00e1guas para as atividades de aquicultura, carcinicultura e piscicultura, permitida antes nos finais de semana, s\u00f3 ser\u00e1 liberada com o restabelecimento do n\u00edvel da barragem\u201d, concluiu.<\/p>\n<h4>N\u00edvel cr\u00edtico<\/h4>\n<p>A barragem de Acau\u00e3 faz parte da lista dos 57 reservat\u00f3rios monitorados pela Aesa na Para\u00edba que est\u00e3o com menos de 5% de capacidade h\u00eddrica.\u00a0 A seca que atinge o estado j\u00e1 deixou pelo menos\u00a028 munic\u00edpios em situa\u00e7\u00e3o de colapso\u00a0por escassez de \u00e1gua.<\/p>\n<\/div>\n<p><strong>CARIRI EM A\u00c7\u00c3O<\/strong><\/p>\n<p><em>Com Jornal da Para\u00edba\/Foto: Reprodu\u00e7\u00e3o google\u00a0\u00a0 <\/em><\/p>\n<p><strong>Leia mais not\u00edcias em\u00a0<\/strong><a href=\"http:\/\/www.caririemacao.com\/\"><strong>caririemacao.com<\/strong><\/a><strong>, siga nossa p\u00e1gina no\u00a0<\/strong><a href=\"https:\/\/www.facebook.com\/CaririEmAcao\/?ref=aymt_homepage_panel\"><strong>Facebook<\/strong><\/a>,<strong>\u00a0<\/strong><a href=\"https:\/\/www.instagram.com\/cariri_em_acao\/?hl=pt-br\"><strong>Instagram<\/strong><\/a><strong>\u00a0e <\/strong><a href=\"https:\/\/www.youtube.com\/channel\/UCAptA0jQuYQy8vMhLt2m4qg\"><strong>Youtube<\/strong><\/a><strong>\u00a0e veja nossas mat\u00e9rias, v\u00eddeos e fotos. Voc\u00ea tamb\u00e9m pode enviar informa\u00e7\u00f5es \u00e0 Reda\u00e7\u00e3o do Portal Cariri em A\u00e7\u00e3o pelo WhatsApp (83) 9 9634.5791, (83) 9 9601-1162.<\/strong><\/p>\n","protected":false},"excerpt":{"rendered":"<p>A retirada das \u00e1guas do Rio Para\u00edba est\u00e1 suspensa a partir desta ter\u00e7a-feira (19), no trecho entre os a\u00e7udes Epit\u00e1cio Pessoa (Boqueir\u00e3o) e a barragem&hellip; <\/p>\n","protected":false},"author":2,"featured_media":35343,"comment_status":"closed","ping_status":"closed","sticky":false,"template":"","format":"standard","meta":{"sfsi_plus_gutenberg_text_before_share":"","sfsi_plus_gutenberg_show_text_before_share":"","sfsi_plus_gutenberg_icon_type":"","sfsi_plus_gutenberg_icon_alignemt":"","sfsi_plus_gutenburg_max_per_row":"","footnotes":""},"categories":[2],"tags":[],"class_list":["post-35342","post","type-post","status-publish","format-standard","has-post-thumbnail","hentry","category-geral"],"_links":{"self":[{"href":"https:\/\/www.caririemacao.com\/1\/wp-json\/wp\/v2\/posts\/35342","targetHints":{"allow":["GET"]}}],"collection":[{"href":"https:\/\/www.caririemacao.com\/1\/wp-json\/wp\/v2\/posts"}],"about":[{"href":"https:\/\/www.caririemacao.com\/1\/wp-json\/wp\/v2\/types\/post"}],"author":[{"embeddable":true,"href":"https:\/\/www.caririemacao.com\/1\/wp-json\/wp\/v2\/users\/2"}],"replies":[{"embeddable":true,"href":"https:\/\/www.caririemacao.com\/1\/wp-json\/wp\/v2\/comments?post=35342"}],"version-history":[{"count":0,"href":"https:\/\/www.caririemacao.com\/1\/wp-json\/wp\/v2\/posts\/35342\/revisions"}],"wp:featuredmedia":[{"embeddable":true,"href":"https:\/\/www.caririemacao.com\/1\/wp-json\/wp\/v2\/media\/35343"}],"wp:attachment":[{"href":"https:\/\/www.caririemacao.com\/1\/wp-json\/wp\/v2\/media?parent=35342"}],"wp:term":[{"taxonomy":"category","embeddable":true,"href":"https:\/\/www.caririemacao.com\/1\/wp-json\/wp\/v2\/categories?post=35342"},{"taxonomy":"post_tag","embeddable":true,"href":"https:\/\/www.caririemacao.com\/1\/wp-json\/wp\/v2\/tags?post=35342"}],"curies":[{"name":"wp","href":"https:\/\/api.w.org\/{rel}","templated":true}]}}