{"id":35346,"date":"2017-12-20T09:17:24","date_gmt":"2017-12-20T12:17:24","guid":{"rendered":"http:\/\/caririemacao.com\/1\/?p=35346"},"modified":"2017-12-20T09:17:24","modified_gmt":"2017-12-20T12:17:24","slug":"contas-de-quatro-prefeituras-do-cariri-estao-na-pauta-do-tce-pb-acompanhe-ao-vivo","status":"publish","type":"post","link":"https:\/\/www.caririemacao.com\/1\/2017\/12\/20\/contas-de-quatro-prefeituras-do-cariri-estao-na-pauta-do-tce-pb-acompanhe-ao-vivo\/","title":{"rendered":"Contas de quatro prefeituras do Cariri est\u00e3o na pauta do TCE-PB. Acompanhe Ao vivo"},"content":{"rendered":"<p>Contas de 15 Prefeituras e tr\u00eas C\u00e2maras Municipais integram, em meio a outros processos, a pauta de julgamentos do Tribunal de Contas do Estado para esta quarta-feira (20), a \u00faltima do exerc\u00edcio de 2017.<\/p>\n<p>Na ocasi\u00e3o, tamb\u00e9m ser\u00e3o examinadas as do Tribunal de Justi\u00e7a (exerc\u00edcio de 2015), das Secretarias de Estado Administra\u00e7\u00e3o (2011) e da Juventude, Esporte e Lazer (2015) e do Instituto de Metrologia e Qualidade Industrial da Para\u00edba (2015 e 2016),<\/p>\n<p>O TCE verificar\u00e1 as contas dos atuais prefeitos de Serra Grande (Jairo Halley de Moura Cruz, exerc\u00edcio de 2015),\u00a0<strong>S\u00e3o Jo\u00e3o do Cariri (Cosme Gon\u00e7alves de Farias, 2016)<\/strong>, Itatuba (Aron Ren\u00e9 Martins de Andrade, 2015 e 2016), Rem\u00edgio (Melchior Naelson Batista da Silva, 2015), Aparecida (Julio C\u00e9sar Queiroga de Ara\u00fajo, 2015 e 2016), Condado (Caio Rodrigo Bezerra Paix\u00e3o, 2016) e S\u00e3o Jo\u00e3o do Rio do Peixe, (Jos\u00e9 Airton Pires de Souza, 2016).<\/p>\n<p>Tamb\u00e9m, as contas dos ex-prefeitos de Puxinan\u00e3 (L\u00facia de F\u00e1tima Aires Miranda, 2015), S<strong>erra Branca (Eduardo Jos\u00e9 Torre\u00e3o Mota, 2015), S\u00e3o Jos\u00e9 dos Cordeiros (Fernando Marcos de Queiroz, 2015), Congo (Romualdo Antonio Quirino de Sousa, 2015)<\/strong>, Bayeux (Expedito Pereira de Souza, 2013), Vista Serrana (Jurandy Ara\u00fajo da Silva, 2015, Santa Cruz (Raimundo Antunes Batista, 2016) e Alhandra (Marcelo Rodrigues da Costa, 2013).<\/p>\n<p>As C\u00e2maras de Vereadores com presta\u00e7\u00f5es de contas anuais na pauta do TCE s\u00e3o as de Umbuzeiro (exerc\u00edcio de 2014), <strong>Santo Andr\u00e9<\/strong> e bara\u00fana (2016).<\/p>\n<p>Organismo presidido pelo conselheiro Andr\u00e9 Carlo Torres Pontes, o TCE re\u00fane-se, ordinariamente, \u00e0s quartas-feiras, a partir das 9 horas, com acesso permitido ao p\u00fablico e transmiss\u00f5es ao vivo pela TV TCE-PB (Canal no Youtube)<\/p>\n<p><div class=\"ose-youtube ose-uid-6af025311c71059a89ab3bec622ac999 ose-embedpress-responsive\" style=\"width:600px; height:550px; max-height:550px; max-width:100%; display:inline-block;\" data-embed-type=\"Youtube\"><iframe allowFullScreen=\"true\" title=\"TV TCE-PB - AO VIVO - Sess\u00e3o Plen\u00e1ria 20.12.2017\" width=\"600\" height=\"550\" data-src=\"https:\/\/www.youtube.com\/embed\/4bim1AYhkEI?feature=oembed&color=red&rel=0&controls=1&start=&end=&fs=0&iv_load_policy=0&autoplay=0&mute=0&modestbranding=0&cc_load_policy=1&playsinline=1\" frameborder=\"0\" allow=\"accelerometer; encrypted-media;accelerometer;autoplay;clipboard-write;gyroscope;picture-in-picture clipboard-write; encrypted-media; gyroscope; picture-in-picture; web-share\" referrerpolicy=\"strict-origin-when-cross-origin\" allowfullscreen src=\"data:image\/svg+xml;base64,PHN2ZyB3aWR0aD0iMSIgaGVpZ2h0PSIxIiB4bWxucz0iaHR0cDovL3d3dy53My5vcmcvMjAwMC9zdmciPjwvc3ZnPg==\" class=\"lazyload\" data-load-mode=\"1\"><\/iframe><\/div><\/p>\n<p><strong>CARIRI EM A\u00c7\u00c3O<\/strong><\/p>\n<p><em>Com Ascom TCE \/Foto: Reprodu\u00e7\u00e3o Google\u00a0\u00a0<\/em><\/p>\n<p><strong>Leia mais not\u00edcias em\u00a0<\/strong><a href=\"http:\/\/www.caririemacao.com\/\"><strong>caririemacao.com<\/strong><\/a><strong>, siga nossa p\u00e1gina no\u00a0<\/strong><a href=\"https:\/\/www.facebook.com\/CaririEmAcao\/?ref=aymt_homepage_panel\"><strong>Facebook<\/strong><\/a>,<strong>\u00a0<\/strong><a href=\"https:\/\/www.instagram.com\/cariri_em_acao\/?hl=pt-br\"><strong>Instagram<\/strong><\/a><strong>\u00a0e\u00a0<\/strong><a href=\"https:\/\/www.youtube.com\/channel\/UCAptA0jQuYQy8vMhLt2m4qg\"><strong>Youtube<\/strong><\/a><strong>\u00a0e veja nossas mat\u00e9rias, v\u00eddeos e fotos. Voc\u00ea tamb\u00e9m pode enviar informa\u00e7\u00f5es \u00e0 Reda\u00e7\u00e3o do Portal Cariri em A\u00e7\u00e3o pelo WhatsApp (83) 9 9634.5791, (83) 9 9601-1162.<\/strong><\/p>\n<p>&nbsp;<\/p>\n","protected":false},"excerpt":{"rendered":"<p>Contas de 15 Prefeituras e tr\u00eas C\u00e2maras Municipais integram, em meio a outros processos, a pauta de julgamentos do Tribunal de Contas do Estado para&hellip; <\/p>\n","protected":false},"author":2,"featured_media":16797,"comment_status":"closed","ping_status":"closed","sticky":false,"template":"","format":"standard","meta":{"sfsi_plus_gutenberg_text_before_share":"","sfsi_plus_gutenberg_show_text_before_share":"","sfsi_plus_gutenberg_icon_type":"","sfsi_plus_gutenberg_icon_alignemt":"","sfsi_plus_gutenburg_max_per_row":"","footnotes":""},"categories":[11],"tags":[],"class_list":["post-35346","post","type-post","status-publish","format-standard","has-post-thumbnail","hentry","category-politica"],"_links":{"self":[{"href":"https:\/\/www.caririemacao.com\/1\/wp-json\/wp\/v2\/posts\/35346","targetHints":{"allow":["GET"]}}],"collection":[{"href":"https:\/\/www.caririemacao.com\/1\/wp-json\/wp\/v2\/posts"}],"about":[{"href":"https:\/\/www.caririemacao.com\/1\/wp-json\/wp\/v2\/types\/post"}],"author":[{"embeddable":true,"href":"https:\/\/www.caririemacao.com\/1\/wp-json\/wp\/v2\/users\/2"}],"replies":[{"embeddable":true,"href":"https:\/\/www.caririemacao.com\/1\/wp-json\/wp\/v2\/comments?post=35346"}],"version-history":[{"count":0,"href":"https:\/\/www.caririemacao.com\/1\/wp-json\/wp\/v2\/posts\/35346\/revisions"}],"wp:featuredmedia":[{"embeddable":true,"href":"https:\/\/www.caririemacao.com\/1\/wp-json\/wp\/v2\/media\/16797"}],"wp:attachment":[{"href":"https:\/\/www.caririemacao.com\/1\/wp-json\/wp\/v2\/media?parent=35346"}],"wp:term":[{"taxonomy":"category","embeddable":true,"href":"https:\/\/www.caririemacao.com\/1\/wp-json\/wp\/v2\/categories?post=35346"},{"taxonomy":"post_tag","embeddable":true,"href":"https:\/\/www.caririemacao.com\/1\/wp-json\/wp\/v2\/tags?post=35346"}],"curies":[{"name":"wp","href":"https:\/\/api.w.org\/{rel}","templated":true}]}}