{"id":35348,"date":"2017-12-20T09:34:03","date_gmt":"2017-12-20T12:34:03","guid":{"rendered":"http:\/\/caririemacao.com\/1\/?p=35348"},"modified":"2017-12-20T09:34:03","modified_gmt":"2017-12-20T12:34:03","slug":"mais-de-60-dos-beneficiarios-ja-sacaram-abono-natalino-pagamento-vai-ate-sexta","status":"publish","type":"post","link":"https:\/\/www.caririemacao.com\/1\/2017\/12\/20\/mais-de-60-dos-beneficiarios-ja-sacaram-abono-natalino-pagamento-vai-ate-sexta\/","title":{"rendered":"Mais de 60% dos benefici\u00e1rios j\u00e1 sacaram abono natalino; pagamento vai at\u00e9 sexta"},"content":{"rendered":"<p>Mais de 60% dos benefici\u00e1rios sacaram o abono natalino do Bolsa Fam\u00edlia at\u00e9 a ter\u00e7a-feira (19), de acordo com a Secretaria do Desenvolvimento Humano (Sedh) do Governo do Estado. O in\u00edcio da segunda fase do pagamento come\u00e7ou no dia 11 de dezembro e vai at\u00e9 esta sexta (22).<\/p>\n<p>De acordo com a secretaria, em Jo\u00e3o Pessoa, a m\u00e9dia de atendimento no Est\u00e1dio Almeid\u00e3o, no Cristo, tem sido de 5 mil pessoas por dia; j\u00e1 em Campina Grande, na Universidade Estadual da Para\u00edba (UEPB), cerca de 2,6 mil pessoas t\u00eam buscado pagamento diariamente. Nos outros 185 munic\u00edpios, o pagamento est\u00e1 sendo realizado nas ag\u00eancias dos Correios.<\/p>\n<p>Segundo a gerente da Prote\u00e7\u00e3o Social B\u00e1sica da Sedh, Jaciana Magalh\u00e3es, o pagamento prossegue num clima de tranquilidade. \u201cTivemos um volume maior nos tr\u00eas primeiros dias, mas passada a euforia e ansiedade inicial dos benefici\u00e1rios, hoje j\u00e1 n\u00e3o temos as filas que t\u00ednhamos. A estrutura montada pela Secretaria tem atendido bem. Cerca de 10 servidores se revezam nos dois turnos para atendimento dos que buscam informa\u00e7\u00f5es e orienta\u00e7\u00f5es. Disponibilizamos banheiros qu\u00edmicos, \u00e1gua, tendas, cadeiras\u201d, disse.<\/p>\n<p>Para viabilizar o pagamento do Abono Natalino\/2017, a Sedh firmou parceria com a Empresa Brasileira de Correios e Tel\u00e9grafos (ECT). Inicialmente, 32 mil benefici\u00e1rios em 36 munic\u00edpios que n\u00e3o dispunham de Ag\u00eancias dos Correios em funcionamento tiveram os pagamentos realizados nos dias 2 e 9 de dezembro. Os demais benefici\u00e1rios passaram a receber desde o \u00faltimo dia 11, obedecendo a termina\u00e7\u00e3o do Cart\u00e3o do N\u00famero de Identifica\u00e7\u00e3o Social (NIS).<\/p>\n<p>Os benefici\u00e1rios dever\u00e3o comparecer munidos de documento de identifica\u00e7\u00e3o com foto, Cadastro de Pessoa F\u00edsica (CPF) e o Cart\u00e3o do N\u00famero de Identifica\u00e7\u00e3o Social (NIS). Aqueles que possuem NIS terminados no algarismo \u201c6\u201d e que ainda n\u00e3o receberam poder\u00e3o procurar os postos de pagamento em Jo\u00e3o Pessoa e Campina Grande, e nos demais munic\u00edpios qualquer ag\u00eancia dos Correios.<\/p>\n<p><strong>Abono natalino<\/strong><\/p>\n<p>O Abono Natalino \u00e9 um Programa de Transfer\u00eancia de Renda implantado pelo Governo do Estado em 2012. A Para\u00edba \u00e9 o \u00fanico estado brasileiro a conceder o benef\u00edcio, que tem por objetivo complementar a renda das fam\u00edlias em situa\u00e7\u00e3o de extrema pobreza benefici\u00e1rias do Programa Bolsa Fam\u00edlia. O pagamento \u00e0s fam\u00edlias \u00e9 realizado de acordo com dados enviados pelo Minist\u00e9rio de Desenvolvimento Social (MDS), referentes a agosto\/2017, segundo os quais 506 mil fam\u00edlias dos 223 munic\u00edpios do Estado ser\u00e3o beneficiadas.<\/p>\n<p><strong>CARIRI EM A\u00c7\u00c3O<\/strong><\/p>\n<p><em>Com Jornal da Para\u00edba\/Foto: Reprodu\u00e7\u00e3o Google\u00a0\u00a0<\/em><\/p>\n<p><strong>Leia mais not\u00edcias em\u00a0<\/strong><a href=\"http:\/\/www.caririemacao.com\/\"><strong>caririemacao.com<\/strong><\/a><strong>, siga nossa p\u00e1gina no\u00a0<\/strong><a href=\"https:\/\/www.facebook.com\/CaririEmAcao\/?ref=aymt_homepage_panel\"><strong>Facebook<\/strong><\/a>,<strong>\u00a0<\/strong><a href=\"https:\/\/www.instagram.com\/cariri_em_acao\/?hl=pt-br\"><strong>Instagram<\/strong><\/a><strong>\u00a0e\u00a0<\/strong><a href=\"https:\/\/www.youtube.com\/channel\/UCAptA0jQuYQy8vMhLt2m4qg\"><strong>Youtube<\/strong><\/a><strong>\u00a0e veja nossas mat\u00e9rias, v\u00eddeos e fotos. Voc\u00ea tamb\u00e9m pode enviar informa\u00e7\u00f5es \u00e0 Reda\u00e7\u00e3o do Portal Cariri em A\u00e7\u00e3o pelo WhatsApp (83) 9 9634.5791, (83) 9 9601-1162.<\/strong><\/p>\n","protected":false},"excerpt":{"rendered":"<p>Mais de 60% dos benefici\u00e1rios sacaram o abono natalino do Bolsa Fam\u00edlia at\u00e9 a ter\u00e7a-feira (19), de acordo com a Secretaria do Desenvolvimento Humano (Sedh)&hellip; <\/p>\n","protected":false},"author":2,"featured_media":35356,"comment_status":"closed","ping_status":"closed","sticky":false,"template":"","format":"standard","meta":{"sfsi_plus_gutenberg_text_before_share":"","sfsi_plus_gutenberg_show_text_before_share":"","sfsi_plus_gutenberg_icon_type":"","sfsi_plus_gutenberg_icon_alignemt":"","sfsi_plus_gutenburg_max_per_row":"","footnotes":""},"categories":[2],"tags":[],"class_list":["post-35348","post","type-post","status-publish","format-standard","has-post-thumbnail","hentry","category-geral"],"_links":{"self":[{"href":"https:\/\/www.caririemacao.com\/1\/wp-json\/wp\/v2\/posts\/35348","targetHints":{"allow":["GET"]}}],"collection":[{"href":"https:\/\/www.caririemacao.com\/1\/wp-json\/wp\/v2\/posts"}],"about":[{"href":"https:\/\/www.caririemacao.com\/1\/wp-json\/wp\/v2\/types\/post"}],"author":[{"embeddable":true,"href":"https:\/\/www.caririemacao.com\/1\/wp-json\/wp\/v2\/users\/2"}],"replies":[{"embeddable":true,"href":"https:\/\/www.caririemacao.com\/1\/wp-json\/wp\/v2\/comments?post=35348"}],"version-history":[{"count":0,"href":"https:\/\/www.caririemacao.com\/1\/wp-json\/wp\/v2\/posts\/35348\/revisions"}],"wp:featuredmedia":[{"embeddable":true,"href":"https:\/\/www.caririemacao.com\/1\/wp-json\/wp\/v2\/media\/35356"}],"wp:attachment":[{"href":"https:\/\/www.caririemacao.com\/1\/wp-json\/wp\/v2\/media?parent=35348"}],"wp:term":[{"taxonomy":"category","embeddable":true,"href":"https:\/\/www.caririemacao.com\/1\/wp-json\/wp\/v2\/categories?post=35348"},{"taxonomy":"post_tag","embeddable":true,"href":"https:\/\/www.caririemacao.com\/1\/wp-json\/wp\/v2\/tags?post=35348"}],"curies":[{"name":"wp","href":"https:\/\/api.w.org\/{rel}","templated":true}]}}