{"id":35349,"date":"2017-12-20T09:21:41","date_gmt":"2017-12-20T12:21:41","guid":{"rendered":"http:\/\/caririemacao.com\/1\/?p=35349"},"modified":"2017-12-20T09:21:41","modified_gmt":"2017-12-20T12:21:41","slug":"prazo-de-matricula-para-novatos-da-rede-estadual-termina-nesta-5a","status":"publish","type":"post","link":"https:\/\/www.caririemacao.com\/1\/2017\/12\/20\/prazo-de-matricula-para-novatos-da-rede-estadual-termina-nesta-5a\/","title":{"rendered":"Prazo de matr\u00edcula para novatos da rede estadual termina nesta 5\u00aa"},"content":{"rendered":"<div>O prazo de matr\u00edculas para alunos novatos na rede estadual de ensino termina na quinta-feira (21). De acordo com a Secretaria de Educa\u00e7\u00e3o da Para\u00edba, para a efetiva\u00e7\u00e3o das matr\u00edculas \u00e9 preciso que os alunos ou pais procurem a escola escolhida e preencham um formul\u00e1rio, que deve ser assinado pelo respons\u00e1vel ou pelo pr\u00f3prio aluno, caso seja maior de idade.<\/div>\n<div><\/div>\n<div>Os novatos ou respons\u00e1veis devem portar c\u00f3pias da certid\u00e3o de nascimento, RG e CPF, duas fotos 3\u00d74, comprovante de resid\u00eancia e hist\u00f3rico escolar emitido pela escola de origem durante o ato de inscri\u00e7\u00e3o.<\/div>\n<div><\/div>\n<div>De 22 a 29 de dezembro ser\u00e3o aplicados eventuais ajustes nas matr\u00edculas. Para os dias 1, 2, 5 e 6 de fevereiro est\u00e1 programado o planejamento do ano letivo, em acordo entre professores e gestores escolares. As aulas est\u00e3o previstas para iniciarem no dia 7 de fevereiro. A rede estadual tem atualmente capacidade para para matricular 500 mil alunos, segundo a Secretaria de Educa\u00e7\u00e3o.<\/div>\n<h4>Atendimento via telefone<\/h4>\n<div>A 1\u00aa Ger\u00eancia Regional de Educa\u00e7\u00e3o (GRE), em Jo\u00e3o Pessoa, disponibiliza atendimento ao p\u00fablico por meio de telefone para esclarecer poss\u00edveis d\u00favidas e informar as vagas existentes de acordo com cada institui\u00e7\u00e3o. O atendimento pode ser feito pelos telefones (83) 3218-5138, 3218-5161 ou 3218-5163, de 8h \u00e0s 12h e de 13h30 \u00e0s 16h30.\u00a0O prazo para renova\u00e7\u00e3o de matr\u00edculas dos veteranos acabou em 30 de novembro.<\/div>\n<div>\n<p><strong>CARIRI EM A\u00c7\u00c3O<\/strong><\/p>\n<p><em>Com Jornal\u00a0da Para\u00edba\u00a0\/Foto: Reprodu\u00e7\u00e3o google\u00a0\u00a0 <\/em><\/p>\n<p><strong>Leia mais not\u00edcias em\u00a0<\/strong><a href=\"http:\/\/www.caririemacao.com\/\"><strong>caririemacao.com<\/strong><\/a><strong>, siga nossa p\u00e1gina no\u00a0<\/strong><a href=\"https:\/\/www.facebook.com\/CaririEmAcao\/?ref=aymt_homepage_panel\"><strong>Facebook<\/strong><\/a>,<strong>\u00a0<\/strong><a href=\"https:\/\/www.instagram.com\/cariri_em_acao\/?hl=pt-br\"><strong>Instagram<\/strong><\/a><strong>\u00a0e <\/strong><a href=\"https:\/\/www.youtube.com\/channel\/UCAptA0jQuYQy8vMhLt2m4qg\"><strong>Youtube<\/strong><\/a><strong>\u00a0e veja nossas mat\u00e9rias, v\u00eddeos e fotos. Voc\u00ea tamb\u00e9m pode enviar informa\u00e7\u00f5es \u00e0 Reda\u00e7\u00e3o do Portal Cariri em A\u00e7\u00e3o pelo WhatsApp (83) 9 9634.5791, (83) 9 9601-1162.<\/strong><\/p>\n<\/div>\n","protected":false},"excerpt":{"rendered":"<p>O prazo de matr\u00edculas para alunos novatos na rede estadual de ensino termina na quinta-feira (21). De acordo com a Secretaria de Educa\u00e7\u00e3o da Para\u00edba,&hellip; <\/p>\n","protected":false},"author":2,"featured_media":35350,"comment_status":"closed","ping_status":"closed","sticky":false,"template":"","format":"standard","meta":{"sfsi_plus_gutenberg_text_before_share":"","sfsi_plus_gutenberg_show_text_before_share":"","sfsi_plus_gutenberg_icon_type":"","sfsi_plus_gutenberg_icon_alignemt":"","sfsi_plus_gutenburg_max_per_row":"","footnotes":""},"categories":[14],"tags":[],"class_list":["post-35349","post","type-post","status-publish","format-standard","has-post-thumbnail","hentry","category-educacao"],"_links":{"self":[{"href":"https:\/\/www.caririemacao.com\/1\/wp-json\/wp\/v2\/posts\/35349","targetHints":{"allow":["GET"]}}],"collection":[{"href":"https:\/\/www.caririemacao.com\/1\/wp-json\/wp\/v2\/posts"}],"about":[{"href":"https:\/\/www.caririemacao.com\/1\/wp-json\/wp\/v2\/types\/post"}],"author":[{"embeddable":true,"href":"https:\/\/www.caririemacao.com\/1\/wp-json\/wp\/v2\/users\/2"}],"replies":[{"embeddable":true,"href":"https:\/\/www.caririemacao.com\/1\/wp-json\/wp\/v2\/comments?post=35349"}],"version-history":[{"count":0,"href":"https:\/\/www.caririemacao.com\/1\/wp-json\/wp\/v2\/posts\/35349\/revisions"}],"wp:featuredmedia":[{"embeddable":true,"href":"https:\/\/www.caririemacao.com\/1\/wp-json\/wp\/v2\/media\/35350"}],"wp:attachment":[{"href":"https:\/\/www.caririemacao.com\/1\/wp-json\/wp\/v2\/media?parent=35349"}],"wp:term":[{"taxonomy":"category","embeddable":true,"href":"https:\/\/www.caririemacao.com\/1\/wp-json\/wp\/v2\/categories?post=35349"},{"taxonomy":"post_tag","embeddable":true,"href":"https:\/\/www.caririemacao.com\/1\/wp-json\/wp\/v2\/tags?post=35349"}],"curies":[{"name":"wp","href":"https:\/\/api.w.org\/{rel}","templated":true}]}}