{"id":35358,"date":"2017-12-20T09:37:03","date_gmt":"2017-12-20T12:37:03","guid":{"rendered":"http:\/\/caririemacao.com\/1\/?p=35358"},"modified":"2017-12-20T09:37:03","modified_gmt":"2017-12-20T12:37:03","slug":"camara-de-gurjao-paga-salarios-dos-vereadores-e-13o-dos-servidores","status":"publish","type":"post","link":"https:\/\/www.caririemacao.com\/1\/2017\/12\/20\/camara-de-gurjao-paga-salarios-dos-vereadores-e-13o-dos-servidores\/","title":{"rendered":"C\u00e2mara de Gurj\u00e3o paga sal\u00e1rios dos vereadores e 13\u00ba dos servidores"},"content":{"rendered":"<p>O presidente da C\u00e2mara Municipal de Gurj\u00e3o, Adailsinho Queiroz, anunciou o pagamento de servidores e vereadores neste m\u00eas de dezembro para esta quarta-feira (20).<\/p>\n<p>Os vereadores estar\u00e3o recebendo neste dia 20 seus vencimentos referentes a dezembro. J\u00e1 os servidores da C\u00e2mara Municipal de Gurj\u00e3o estar\u00e3o recebendo a segunda parcela do d\u00e9cimo terceiro sal\u00e1rio e o sal\u00e1rio referente ao m\u00eas.<\/p>\n<p>Finalizando o ano com as contas em dia, o presidente Adailsinho Queiroz mais uma vez firmou o compromisso em honrar o nome do legislativo municipal cumprindo com todos os deveres que visam dar uma boa produtividade aos trabalhos da casa.<\/p>\n<p>O presidente ainda reafirmou o compromisso que em 2018 manter\u00e1 o mesmo ritmo de trabalho realizado em 2017, quando in\u00edcio de sua gest\u00e3o \u00e0 frente do legislativo gurj\u00e3oense.<\/p>\n<p><strong>CARIRI EM A\u00c7\u00c3O<\/strong><\/p>\n<p><em>Com Para\u00edba Mix \/Foto: Cariri em A\u00e7\u00e3o\u00a0 \u00a0\u00a0<\/em><\/p>\n<p><strong>Leia mais not\u00edcias em\u00a0<\/strong><a href=\"http:\/\/www.caririemacao.com\/\"><strong>caririemacao.com<\/strong><\/a><strong>, siga nossa p\u00e1gina no\u00a0<\/strong><a href=\"https:\/\/www.facebook.com\/CaririEmAcao\/?ref=aymt_homepage_panel\"><strong>Facebook<\/strong><\/a>,<strong>\u00a0<\/strong><a href=\"https:\/\/www.instagram.com\/cariri_em_acao\/?hl=pt-br\"><strong>Instagram<\/strong><\/a><strong>\u00a0e <\/strong><a href=\"https:\/\/www.youtube.com\/channel\/UCAptA0jQuYQy8vMhLt2m4qg\"><strong>Youtube<\/strong><\/a><strong>\u00a0e veja nossas mat\u00e9rias, v\u00eddeos e fotos. Voc\u00ea tamb\u00e9m pode enviar informa\u00e7\u00f5es \u00e0 Reda\u00e7\u00e3o do Portal Cariri em A\u00e7\u00e3o pelo WhatsApp (83) 9 9634.5791, (83) 9 9601-1162.<\/strong><\/p>\n","protected":false},"excerpt":{"rendered":"<p>O presidente da C\u00e2mara Municipal de Gurj\u00e3o, Adailsinho Queiroz, anunciou o pagamento de servidores e vereadores neste m\u00eas de dezembro para esta quarta-feira (20). Os&hellip; <\/p>\n","protected":false},"author":2,"featured_media":32965,"comment_status":"closed","ping_status":"closed","sticky":false,"template":"","format":"standard","meta":{"sfsi_plus_gutenberg_text_before_share":"","sfsi_plus_gutenberg_show_text_before_share":"","sfsi_plus_gutenberg_icon_type":"","sfsi_plus_gutenberg_icon_alignemt":"","sfsi_plus_gutenburg_max_per_row":"","footnotes":""},"categories":[11],"tags":[],"class_list":["post-35358","post","type-post","status-publish","format-standard","has-post-thumbnail","hentry","category-politica"],"_links":{"self":[{"href":"https:\/\/www.caririemacao.com\/1\/wp-json\/wp\/v2\/posts\/35358","targetHints":{"allow":["GET"]}}],"collection":[{"href":"https:\/\/www.caririemacao.com\/1\/wp-json\/wp\/v2\/posts"}],"about":[{"href":"https:\/\/www.caririemacao.com\/1\/wp-json\/wp\/v2\/types\/post"}],"author":[{"embeddable":true,"href":"https:\/\/www.caririemacao.com\/1\/wp-json\/wp\/v2\/users\/2"}],"replies":[{"embeddable":true,"href":"https:\/\/www.caririemacao.com\/1\/wp-json\/wp\/v2\/comments?post=35358"}],"version-history":[{"count":0,"href":"https:\/\/www.caririemacao.com\/1\/wp-json\/wp\/v2\/posts\/35358\/revisions"}],"wp:featuredmedia":[{"embeddable":true,"href":"https:\/\/www.caririemacao.com\/1\/wp-json\/wp\/v2\/media\/32965"}],"wp:attachment":[{"href":"https:\/\/www.caririemacao.com\/1\/wp-json\/wp\/v2\/media?parent=35358"}],"wp:term":[{"taxonomy":"category","embeddable":true,"href":"https:\/\/www.caririemacao.com\/1\/wp-json\/wp\/v2\/categories?post=35358"},{"taxonomy":"post_tag","embeddable":true,"href":"https:\/\/www.caririemacao.com\/1\/wp-json\/wp\/v2\/tags?post=35358"}],"curies":[{"name":"wp","href":"https:\/\/api.w.org\/{rel}","templated":true}]}}