{"id":35360,"date":"2017-12-20T09:57:42","date_gmt":"2017-12-20T12:57:42","guid":{"rendered":"http:\/\/caririemacao.com\/1\/?p=35360"},"modified":"2017-12-20T09:57:42","modified_gmt":"2017-12-20T12:57:42","slug":"botafogo-da-pitombeira-vence-proalcool-e-conquista-campeonato-sumeense-veteranos-2017","status":"publish","type":"post","link":"https:\/\/www.caririemacao.com\/1\/2017\/12\/20\/botafogo-da-pitombeira-vence-proalcool-e-conquista-campeonato-sumeense-veteranos-2017\/","title":{"rendered":"Botafogo da Pitombeira vence Pro\u00e1lcool e conquista Campeonato Sumeense Veteranos 2017"},"content":{"rendered":"<p>No \u00faltimo domingo (17\/12) o Departamento de Esportes da Prefeitura de Sum\u00e9 realizou as finais do Campeonato Sumeense Society Veteranos 2017.<\/p>\n<p>Na disputa do 3\u00b0 lugar, a equipe do Matusal\u00e9m venceu por W.O a equipe do Atl\u00e9tico.<\/p>\n<p>Na partida da final, com gols de Amaral e Ronaldo, o Botafogo da Pitombeira venceu o Pro\u00e1lcool por 2 x 0 e conquistou o t\u00edtulo.<\/p>\n<p>Ap\u00f3s a partida houve a premia\u00e7\u00e3o com trof\u00e9us e dinheiro para o campe\u00e3o, vice-campe\u00e3o, terceiro colocado e melhor goleiro, que foram: Jos\u00e9 Daniel e Valdemir da Silva (Botafogo).<\/p>\n<p>O artilheiro da competi\u00e7\u00e3o foi Edv\u00e2nio da Silva do Pro\u00e1lcool.<\/p>\n<p><strong>CARIRI EM A\u00c7\u00c3O<\/strong><\/p>\n<p><em>Com Ascom PMS\/Foto: Divulga\u00e7\u00e3o\u00a0 \u00a0<\/em><\/p>\n<p><strong>Leia mais not\u00edcias em\u00a0<\/strong><a href=\"http:\/\/www.caririemacao.com\/\"><strong>caririemacao.com<\/strong><\/a><strong>, siga nossa p\u00e1gina no\u00a0<\/strong><a href=\"https:\/\/www.facebook.com\/CaririEmAcao\/?ref=aymt_homepage_panel\"><strong>Facebook<\/strong><\/a>,<strong>\u00a0<\/strong><a href=\"https:\/\/www.instagram.com\/cariri_em_acao\/?hl=pt-br\"><strong>Instagram<\/strong><\/a><strong>\u00a0e <\/strong><a href=\"https:\/\/www.youtube.com\/channel\/UCAptA0jQuYQy8vMhLt2m4qg\"><strong>Youtube<\/strong><\/a><strong>\u00a0e veja nossas mat\u00e9rias, v\u00eddeos e fotos. Voc\u00ea tamb\u00e9m pode enviar informa\u00e7\u00f5es \u00e0 Reda\u00e7\u00e3o do Portal Cariri em A\u00e7\u00e3o pelo WhatsApp (83) 9 9634.5791, (83) 9 9601-1162.<\/strong><\/p>\n","protected":false},"excerpt":{"rendered":"<p>No \u00faltimo domingo (17\/12) o Departamento de Esportes da Prefeitura de Sum\u00e9 realizou as finais do Campeonato Sumeense Society Veteranos 2017. Na disputa do 3\u00b0&hellip; <\/p>\n","protected":false},"author":2,"featured_media":35361,"comment_status":"closed","ping_status":"closed","sticky":false,"template":"","format":"standard","meta":{"sfsi_plus_gutenberg_text_before_share":"","sfsi_plus_gutenberg_show_text_before_share":"","sfsi_plus_gutenberg_icon_type":"","sfsi_plus_gutenberg_icon_alignemt":"","sfsi_plus_gutenburg_max_per_row":"","footnotes":""},"categories":[13],"tags":[],"class_list":["post-35360","post","type-post","status-publish","format-standard","has-post-thumbnail","hentry","category-esportes"],"_links":{"self":[{"href":"https:\/\/www.caririemacao.com\/1\/wp-json\/wp\/v2\/posts\/35360","targetHints":{"allow":["GET"]}}],"collection":[{"href":"https:\/\/www.caririemacao.com\/1\/wp-json\/wp\/v2\/posts"}],"about":[{"href":"https:\/\/www.caririemacao.com\/1\/wp-json\/wp\/v2\/types\/post"}],"author":[{"embeddable":true,"href":"https:\/\/www.caririemacao.com\/1\/wp-json\/wp\/v2\/users\/2"}],"replies":[{"embeddable":true,"href":"https:\/\/www.caririemacao.com\/1\/wp-json\/wp\/v2\/comments?post=35360"}],"version-history":[{"count":0,"href":"https:\/\/www.caririemacao.com\/1\/wp-json\/wp\/v2\/posts\/35360\/revisions"}],"wp:featuredmedia":[{"embeddable":true,"href":"https:\/\/www.caririemacao.com\/1\/wp-json\/wp\/v2\/media\/35361"}],"wp:attachment":[{"href":"https:\/\/www.caririemacao.com\/1\/wp-json\/wp\/v2\/media?parent=35360"}],"wp:term":[{"taxonomy":"category","embeddable":true,"href":"https:\/\/www.caririemacao.com\/1\/wp-json\/wp\/v2\/categories?post=35360"},{"taxonomy":"post_tag","embeddable":true,"href":"https:\/\/www.caririemacao.com\/1\/wp-json\/wp\/v2\/tags?post=35360"}],"curies":[{"name":"wp","href":"https:\/\/api.w.org\/{rel}","templated":true}]}}