{"id":35363,"date":"2017-12-20T10:11:08","date_gmt":"2017-12-20T13:11:08","guid":{"rendered":"http:\/\/caririemacao.com\/1\/?p=35363"},"modified":"2017-12-20T10:11:08","modified_gmt":"2017-12-20T13:11:08","slug":"rc-admite-que-combate-a-violencia-e-como-enxugar-gelo-nunca-se-prendeu-tanto-e-nunca-se-soltou-tanto","status":"publish","type":"post","link":"https:\/\/www.caririemacao.com\/1\/2017\/12\/20\/rc-admite-que-combate-a-violencia-e-como-enxugar-gelo-nunca-se-prendeu-tanto-e-nunca-se-soltou-tanto\/","title":{"rendered":"RC admite que combate \u00e0 viol\u00eancia \u00e9 como enxugar gelo: \u2018nunca se prendeu tanto e nunca se soltou tanto\u2019"},"content":{"rendered":"<p>O governador Ricardo Coutinho (PSB), nesta ter\u00e7a-feira (19), comentou o trabalho realizado pela Secretaria de Seguran\u00e7a durante a sua administra\u00e7\u00e3o. Ele lamentou que as a\u00e7\u00f5es feitas est\u00e3o apenas \u201cenxugando gelo\u201d e criticou o sistema de leis do pa\u00eds.<\/p>\n<div>\u201cSe prende como nunca prendeu e se solta como nunca se soltou. Eu j\u00e1 vi bandido ser preso com um fuzil que nem a pol\u00edcia pode usar ser liberado no outro dia e o outro que foi preso com n\u00e3o sei quantos quilos de dinamite tamb\u00e9m foi solto rapidamente. Assim n\u00e3o d\u00e1\u201d, afirmou.<\/div>\n<div><\/div>\n<div>Em entrevista concedida ao programa R\u00e1dio Verdade, da Arapuan FM, o socialista defendeu que o governo federal crie uma base \u00fanica de opera\u00e7\u00f5es para aperfei\u00e7oar o combate \u00e0 viol\u00eancia: \u201ce n\u00e3o falo isso s\u00f3 pela Para\u00edba porque n\u00f3s ainda estamos melhor do que a m\u00e9dia do resto do pa\u00eds\u201d.<\/div>\n<div><\/div>\n<div>Ricardo ainda comentou a s\u00e9rie de assaltos feitos a bandos no estado: \u201cesses criminosos marcam de realizar os crimes pela internet, se encontram para realizar dois, tr\u00eas assaltos e depois somem\u201d.<\/div>\n<p><strong>CARIRI EM A\u00c7\u00c3O<\/strong><\/p>\n<p><em>Com paraiba.com.br<\/em><\/p>\n<p><strong>Leia mais not\u00edcias em\u00a0<\/strong><a href=\"http:\/\/www.caririemacao.com\/\"><strong>caririemacao.com<\/strong><\/a><strong>, siga nossa p\u00e1gina no\u00a0<\/strong><a href=\"https:\/\/www.facebook.com\/CaririEmAcao\/?ref=aymt_homepage_panel\"><strong>Facebook<\/strong><\/a>,<strong>\u00a0<\/strong><a href=\"https:\/\/www.instagram.com\/cariri_em_acao\/?hl=pt-br\"><strong>Instagram<\/strong><\/a><strong>\u00a0e <\/strong><a href=\"https:\/\/www.youtube.com\/channel\/UCAptA0jQuYQy8vMhLt2m4qg\"><strong>Youtube<\/strong><\/a><strong>\u00a0e veja nossas mat\u00e9rias, v\u00eddeos e fotos. Voc\u00ea tamb\u00e9m pode enviar informa\u00e7\u00f5es \u00e0 Reda\u00e7\u00e3o do Portal Cariri em A\u00e7\u00e3o pelo WhatsApp (83) 9 9634.5791, (83) 9 9601-1162.<\/strong><\/p>\n","protected":false},"excerpt":{"rendered":"<p>O governador Ricardo Coutinho (PSB), nesta ter\u00e7a-feira (19), comentou o trabalho realizado pela Secretaria de Seguran\u00e7a durante a sua administra\u00e7\u00e3o. Ele lamentou que as a\u00e7\u00f5es&hellip; <\/p>\n","protected":false},"author":2,"featured_media":33979,"comment_status":"closed","ping_status":"closed","sticky":false,"template":"","format":"standard","meta":{"sfsi_plus_gutenberg_text_before_share":"","sfsi_plus_gutenberg_show_text_before_share":"","sfsi_plus_gutenberg_icon_type":"","sfsi_plus_gutenberg_icon_alignemt":"","sfsi_plus_gutenburg_max_per_row":"","footnotes":""},"categories":[11],"tags":[],"class_list":["post-35363","post","type-post","status-publish","format-standard","has-post-thumbnail","hentry","category-politica"],"_links":{"self":[{"href":"https:\/\/www.caririemacao.com\/1\/wp-json\/wp\/v2\/posts\/35363","targetHints":{"allow":["GET"]}}],"collection":[{"href":"https:\/\/www.caririemacao.com\/1\/wp-json\/wp\/v2\/posts"}],"about":[{"href":"https:\/\/www.caririemacao.com\/1\/wp-json\/wp\/v2\/types\/post"}],"author":[{"embeddable":true,"href":"https:\/\/www.caririemacao.com\/1\/wp-json\/wp\/v2\/users\/2"}],"replies":[{"embeddable":true,"href":"https:\/\/www.caririemacao.com\/1\/wp-json\/wp\/v2\/comments?post=35363"}],"version-history":[{"count":0,"href":"https:\/\/www.caririemacao.com\/1\/wp-json\/wp\/v2\/posts\/35363\/revisions"}],"wp:featuredmedia":[{"embeddable":true,"href":"https:\/\/www.caririemacao.com\/1\/wp-json\/wp\/v2\/media\/33979"}],"wp:attachment":[{"href":"https:\/\/www.caririemacao.com\/1\/wp-json\/wp\/v2\/media?parent=35363"}],"wp:term":[{"taxonomy":"category","embeddable":true,"href":"https:\/\/www.caririemacao.com\/1\/wp-json\/wp\/v2\/categories?post=35363"},{"taxonomy":"post_tag","embeddable":true,"href":"https:\/\/www.caririemacao.com\/1\/wp-json\/wp\/v2\/tags?post=35363"}],"curies":[{"name":"wp","href":"https:\/\/api.w.org\/{rel}","templated":true}]}}