{"id":35365,"date":"2017-12-20T10:28:22","date_gmt":"2017-12-20T13:28:22","guid":{"rendered":"http:\/\/caririemacao.com\/1\/?p=35365"},"modified":"2017-12-20T10:28:22","modified_gmt":"2017-12-20T13:28:22","slug":"temer-diz-que-governo-jamais-desistira-da-reforma-da-previdencia","status":"publish","type":"post","link":"https:\/\/www.caririemacao.com\/1\/2017\/12\/20\/temer-diz-que-governo-jamais-desistira-da-reforma-da-previdencia\/","title":{"rendered":"Temer diz que governo &#8216;jamais&#8217; desistir\u00e1 da reforma da Previd\u00eancia"},"content":{"rendered":"<article>\n<div class=\"mc-column content-text active-extra-styles active-capital-letter\" data-block-type=\"unstyled\" data-block-weight=\"37\" data-block-id=\"1\">\n<p class=\"content-text__container theme-color-primary-first-letter\" data-track-category=\"Link no Texto\">O presidente da Rep\u00fablica, Michel Temer, disse nesta quarta-feira (20) que o governo federal &#8220;jamais&#8221; vai desistir da reforma da Previd\u00eancia e que, em janeiro, seguir\u00e1 explicando os pontos do projeto em an\u00e1lise na C\u00e2mara dos Deputados.<\/p>\n<\/div>\n<div class=\"mc-column content-text active-extra-styles \" data-block-type=\"unstyled\" data-block-weight=\"35\" data-block-id=\"2\">\n<p class=\"content-text__container \" data-track-category=\"Link no Texto\">As declara\u00e7\u00f5es foram dadas durante cerim\u00f4nia no Pal\u00e1cio do Planalto em que foi anunciada a libera\u00e7\u00e3o de R$ 1,5 bilh\u00e3o para investimentos em obras de saneamento no Paran\u00e1. V\u00e1rios deputados paranaenses estavam presentes ao evento.<\/p>\n<\/div>\n<div class=\"mc-column content-text active-extra-styles \" data-block-type=\"unstyled\" data-block-weight=\"26\" data-block-id=\"3\">\n<p class=\"content-text__container \" data-track-category=\"Link no Texto\">\u201cQuero aproveitar para dizer aos deputados federais que n\u00f3s jamais vamos desistir da Previd\u00eancia. E n\u00e3o vamos desistir da Previd\u00eancia em nome do Brasil&#8221;, afirmou Temer.<\/p>\n<\/div>\n<div class=\"mc-column content-text active-extra-styles \" data-block-type=\"unstyled\" data-block-weight=\"46\" data-block-id=\"4\">\n<p class=\"content-text__container \" data-track-category=\"Link no Texto\">Com dificuldades para conquistar os votos necess\u00e1rios \u00e0 aprova\u00e7\u00e3o da reforma da Previd\u00eancia em 2017, o governo federal acertou com o presidente da C\u00e2mara, Rodrigo Maia (DEM-RJ), o adiamento da vota\u00e7\u00e3o da proposta em primeiro turno para 19 de fevereiro, ap\u00f3s o recesso do Congresso Nacional.<\/p>\n<\/div>\n<div class=\"mc-column content-text active-extra-styles \" data-block-type=\"unstyled\" data-block-weight=\"30\" data-block-id=\"5\">\n<p class=\"content-text__container \" data-track-category=\"Link no Texto\">No evento desta quarta, Temer afirmou que o Pal\u00e1cio do Planalto vai aproveitar o m\u00eas de janeiro de 2018 para explicar pontos do projeto em busca de apoio \u00e0 reforma.<\/p>\n<\/div>\n<div class=\"mc-column content-text active-extra-styles \" data-block-type=\"unstyled\" data-block-weight=\"25\" data-block-id=\"6\">\n<p class=\"content-text__container \" data-track-category=\"Link no Texto\">&#8220;Quero aproveitar a presen\u00e7a dos nossos deputados federais para dizer que neste m\u00eas de janeiro vamos continuar esclarecendo as quest\u00f5es da Previd\u00eancia&#8221;, disse o peemedebista.<\/p>\n<\/div>\n<div class=\"mc-column content-text active-extra-styles \" data-block-type=\"unstyled\" data-block-weight=\"53\" data-block-id=\"7\">\n<p class=\"content-text__container \" data-track-category=\"Link no Texto\">Por se tratar de uma emenda constituicional, a reforma exige duas vota\u00e7\u00f5es na C\u00e2mara e duas no Senado. Na C\u00e2mara, s\u00e3o necess\u00e1rios os votos de 308 dos 513 deputados. At\u00e9 o momento, parlamentares da pr\u00f3pria base de apoio do governo t\u00eam demonstrando resist\u00eancias para votar a favor das mudan\u00e7as nas regras de aposentadorias.<\/p>\n<p class=\"content-text__container \" data-track-category=\"Link no Texto\"><b>Saneamento<\/b><\/p>\n<\/div>\n<div class=\"mc-column content-text active-extra-styles \" data-block-type=\"unstyled\" data-block-weight=\"39\" data-block-id=\"9\">\n<p class=\"content-text__container \" data-track-category=\"Link no Texto\">Temer participou nesta quarta da cerim\u00f4nia de assinatura de contratos entre a Caixa Econ\u00f4mica Federal e a Sanepar, a companhia de saneamento do Paran\u00e1. Segundo o presidente, o governo liberou R$ 1,5 bilh\u00e3o para investimentos em saneamento no estado.<\/p>\n<\/div>\n<div class=\"mc-column content-text active-extra-styles \" data-block-type=\"unstyled\" data-block-weight=\"24\" data-block-id=\"10\">\n<p class=\"content-text__container \" data-track-category=\"Link no Texto\">Presente no evento, o governador do Paran\u00e1, Beto Richa (PSDB), informou que os recursos permitir\u00e3o a realiza\u00e7\u00e3o de obras de saneamento em 50 munic\u00edpios.<\/p>\n<\/div>\n<div class=\"mc-column content-text active-extra-styles \" data-block-type=\"unstyled\" data-block-weight=\"41\" data-block-id=\"11\">\n<p class=\"content-text__container \" data-track-category=\"Link no Texto\">Temer afirmou que que o or\u00e7amento para saneamento deste ano reservava em torno de R$ 6 bilh\u00f5es, restando ainda cerca de R$ 2 bilh\u00f5es. Conforme o presidente, a Caixa vai trabalhar para liberar esses R$ 2 bilh\u00f5es at\u00e9 29 de dezembro.<\/p>\n<\/div>\n<div class=\"mc-column content-text active-extra-styles \" data-block-type=\"unstyled\" data-block-weight=\"24\" data-block-id=\"13\">\n<p class=\"content-text__container \" data-track-category=\"Link no Texto\">\u201cO cuidado com o saneamento significa cuidado com a sa\u00fade porque reduz enormemente a necessidade da procura do setor da sa\u00fade&#8221;, disse o presidente.<\/p>\n<\/div>\n<div data-track-category=\"fim do conteudo\" data-track-action=\"ultimo chunk conteudo\" data-track-noninteraction=\"false\" data-track-scroll=\"entrada completa viewport\">\n<div class=\"mc-column content-text active-extra-styles \" data-block-type=\"unstyled\" data-block-weight=\"34\" data-block-id=\"14\">\n<p class=\"content-text__container \" data-track-category=\"Link no Texto\">Temer ainda voltou a afirmar que o governo vai repassar R$ 2 bilh\u00f5es para que os munic\u00edpios fechem suas contas. De acordo com ele, os valores ser\u00e3o liberados &#8220;antes do dia 30&#8221; de dezembro.<\/p>\n<p><strong>CARIRI EM A\u00c7\u00c3O<\/strong><\/p>\n<p><em>Com G1 \/Foto: Reprodu\u00e7\u00e3o google\u00a0\u00a0 <\/em><\/p>\n<p><strong>Leia mais not\u00edcias em\u00a0<\/strong><a href=\"http:\/\/www.caririemacao.com\/\"><strong>caririemacao.com<\/strong><\/a><strong>, siga nossa p\u00e1gina no\u00a0<\/strong><a href=\"https:\/\/www.facebook.com\/CaririEmAcao\/?ref=aymt_homepage_panel\"><strong>Facebook<\/strong><\/a>,<strong>\u00a0<\/strong><a href=\"https:\/\/www.instagram.com\/cariri_em_acao\/?hl=pt-br\"><strong>Instagram<\/strong><\/a><strong>\u00a0e <\/strong><a href=\"https:\/\/www.youtube.com\/channel\/UCAptA0jQuYQy8vMhLt2m4qg\"><strong>Youtube<\/strong><\/a><strong>\u00a0e veja nossas mat\u00e9rias, v\u00eddeos e fotos. Voc\u00ea tamb\u00e9m pode enviar informa\u00e7\u00f5es \u00e0 Reda\u00e7\u00e3o do Portal Cariri em A\u00e7\u00e3o pelo WhatsApp (83) 9 9634.5791, (83) 9 9601-1162.<\/strong><\/p>\n<\/div>\n<\/div>\n<\/article>\n","protected":false},"excerpt":{"rendered":"<p>O presidente da Rep\u00fablica, Michel Temer, disse nesta quarta-feira (20) que o governo federal &#8220;jamais&#8221; vai desistir da reforma da Previd\u00eancia e que, em janeiro,&hellip; <\/p>\n","protected":false},"author":2,"featured_media":30810,"comment_status":"closed","ping_status":"closed","sticky":false,"template":"","format":"standard","meta":{"sfsi_plus_gutenberg_text_before_share":"","sfsi_plus_gutenberg_show_text_before_share":"","sfsi_plus_gutenberg_icon_type":"","sfsi_plus_gutenberg_icon_alignemt":"","sfsi_plus_gutenburg_max_per_row":"","footnotes":""},"categories":[11],"tags":[],"class_list":["post-35365","post","type-post","status-publish","format-standard","has-post-thumbnail","hentry","category-politica"],"_links":{"self":[{"href":"https:\/\/www.caririemacao.com\/1\/wp-json\/wp\/v2\/posts\/35365","targetHints":{"allow":["GET"]}}],"collection":[{"href":"https:\/\/www.caririemacao.com\/1\/wp-json\/wp\/v2\/posts"}],"about":[{"href":"https:\/\/www.caririemacao.com\/1\/wp-json\/wp\/v2\/types\/post"}],"author":[{"embeddable":true,"href":"https:\/\/www.caririemacao.com\/1\/wp-json\/wp\/v2\/users\/2"}],"replies":[{"embeddable":true,"href":"https:\/\/www.caririemacao.com\/1\/wp-json\/wp\/v2\/comments?post=35365"}],"version-history":[{"count":0,"href":"https:\/\/www.caririemacao.com\/1\/wp-json\/wp\/v2\/posts\/35365\/revisions"}],"wp:featuredmedia":[{"embeddable":true,"href":"https:\/\/www.caririemacao.com\/1\/wp-json\/wp\/v2\/media\/30810"}],"wp:attachment":[{"href":"https:\/\/www.caririemacao.com\/1\/wp-json\/wp\/v2\/media?parent=35365"}],"wp:term":[{"taxonomy":"category","embeddable":true,"href":"https:\/\/www.caririemacao.com\/1\/wp-json\/wp\/v2\/categories?post=35365"},{"taxonomy":"post_tag","embeddable":true,"href":"https:\/\/www.caririemacao.com\/1\/wp-json\/wp\/v2\/tags?post=35365"}],"curies":[{"name":"wp","href":"https:\/\/api.w.org\/{rel}","templated":true}]}}