{"id":35369,"date":"2017-12-20T10:33:03","date_gmt":"2017-12-20T13:33:03","guid":{"rendered":"http:\/\/caririemacao.com\/1\/?p=35369"},"modified":"2017-12-20T10:33:03","modified_gmt":"2017-12-20T13:33:03","slug":"cerca-de-15-milhao-de-servidores-ficam-sem-13o","status":"publish","type":"post","link":"https:\/\/www.caririemacao.com\/1\/2017\/12\/20\/cerca-de-15-milhao-de-servidores-ficam-sem-13o\/","title":{"rendered":"Cerca de 1,5 milh\u00e3o de servidores ficam sem 13\u00ba"},"content":{"rendered":"<div class=\"default\">\n<p>Cinco Estados n\u00e3o pagaram o 13\u00ba sal\u00e1rio aos seus servidores p\u00fablicos estaduais, nesta quarta-feira (20). Est\u00e3o nesta situa\u00e7\u00e3o os Estados do Rio de Janeiro, Minas Gerais, Rio Grande do Sul, Rio Grande do Norte e Sergipe. No total, ficam sem o benef\u00edcio cerca de 1 milh\u00e3o e meio de trabalhadores.<\/p>\n<p>Os servidores ter\u00e3o que recorrer a empr\u00e9stimos banc\u00e1rios, inclusive estimulados por alguns Estados, como \u00e9 o caso de Sergipe. Quem recusar receber\u00e1 o valor em seis parcelas, a partir do ano que vem. O Estado tem 41.221 funcion\u00e1rios.<\/p>\n<p>Em Minas Gerais, 600 mil pessoas (400 mil da ativa e 200 mil inativos e pensionistas), somam o maior contigente de trabalhadores que ficam sem o benef\u00edcio. Elas dever\u00e3o saber nesta quarta-feira (20) o escalonamento do 13\u00ba, segundo a Secretaria do Planejamento. O deficit or\u00e7ament\u00e1rio em Minas \u00e9 de cerca de R$ 8 bilh\u00f5es.<\/p>\n<p>Ainda de acordo com a Folha de S. Paulo, no Rio de Janeiro, cuja folha de pagamento mensal \u00e9 de cerca de R$ 1,6 bilh\u00e3o, a maioria dos 456.453 servidores, dos quais 207.192 ativos, n\u00e3o sabem quando receber\u00e1 o 13\u00ba sal\u00e1rio deste ano.<\/p>\n<p>Nesta quarta-feira (20), com exato um ano de atraso, a Secretaria da Fazenda pagar\u00e1 o 13\u00ba sal\u00e1rio de 2016 a cerca de 250 mil servidores, al\u00e9m dos sal\u00e1rios do m\u00eas de outubro que estavam pendentes para uma parte dos funcion\u00e1rios.<\/p>\n<p>Outro Estado a enfrentar problema, o Rio Grande do Sul conseguiu s\u00f3 no \u00faltimo dia 13 quitar os sal\u00e1rios de novembro. Para evitar problemas aos 320 mil servidores do Executivo, foi aberta a possibilidade de o funcion\u00e1rio fazer empr\u00e9stimo consignado, com taxa de 1,42% ao m\u00eas.<\/p>\n<p>Segundo a Secretaria da Fazenda, quem n\u00e3o aderir receber\u00e1 o 13\u00ba em 2018, em 12 parcelas, tamb\u00e9m acrescida de juros de 1,42% ao m\u00eas. O governo Jos\u00e9 Ivo Sartori (PMDB) tem fechado os \u00faltimos meses com d\u00e9ficit m\u00e9dio perto de R$ 1 bilh\u00e3o.<\/p>\n<p class=\"autor-not\"><strong>CARIRI EM A\u00c7\u00c3O<\/strong><\/p>\n<\/div>\n<div>\n<p><em>Com Folha de S\u00e3o Paulo\/Foto: Reprodu\u00e7\u00e3o google\u00a0\u00a0 <\/em><\/p>\n<p><strong>Leia mais not\u00edcias em\u00a0<\/strong><a href=\"http:\/\/www.caririemacao.com\/\"><strong>caririemacao.com<\/strong><\/a><strong>, siga nossa p\u00e1gina no\u00a0<\/strong><a href=\"https:\/\/www.facebook.com\/CaririEmAcao\/?ref=aymt_homepage_panel\"><strong>Facebook<\/strong><\/a>,<strong>\u00a0<\/strong><a href=\"https:\/\/www.instagram.com\/cariri_em_acao\/?hl=pt-br\"><strong>Instagram<\/strong><\/a><strong>\u00a0e <\/strong><a href=\"https:\/\/www.youtube.com\/channel\/UCAptA0jQuYQy8vMhLt2m4qg\"><strong>Youtube<\/strong><\/a><strong>\u00a0e veja nossas mat\u00e9rias, v\u00eddeos e fotos. Voc\u00ea tamb\u00e9m pode enviar informa\u00e7\u00f5es \u00e0 Reda\u00e7\u00e3o do Portal Cariri em A\u00e7\u00e3o pelo WhatsApp (83) 9 9634.5791, (83) 9 9601-1162.<\/strong><\/p>\n<\/div>\n","protected":false},"excerpt":{"rendered":"<p>Cinco Estados n\u00e3o pagaram o 13\u00ba sal\u00e1rio aos seus servidores p\u00fablicos estaduais, nesta quarta-feira (20). Est\u00e3o nesta situa\u00e7\u00e3o os Estados do Rio de Janeiro, Minas&hellip; <\/p>\n","protected":false},"author":2,"featured_media":10249,"comment_status":"closed","ping_status":"closed","sticky":false,"template":"","format":"standard","meta":{"sfsi_plus_gutenberg_text_before_share":"","sfsi_plus_gutenberg_show_text_before_share":"","sfsi_plus_gutenberg_icon_type":"","sfsi_plus_gutenberg_icon_alignemt":"","sfsi_plus_gutenburg_max_per_row":"","footnotes":""},"categories":[2],"tags":[],"class_list":["post-35369","post","type-post","status-publish","format-standard","has-post-thumbnail","hentry","category-geral"],"_links":{"self":[{"href":"https:\/\/www.caririemacao.com\/1\/wp-json\/wp\/v2\/posts\/35369","targetHints":{"allow":["GET"]}}],"collection":[{"href":"https:\/\/www.caririemacao.com\/1\/wp-json\/wp\/v2\/posts"}],"about":[{"href":"https:\/\/www.caririemacao.com\/1\/wp-json\/wp\/v2\/types\/post"}],"author":[{"embeddable":true,"href":"https:\/\/www.caririemacao.com\/1\/wp-json\/wp\/v2\/users\/2"}],"replies":[{"embeddable":true,"href":"https:\/\/www.caririemacao.com\/1\/wp-json\/wp\/v2\/comments?post=35369"}],"version-history":[{"count":0,"href":"https:\/\/www.caririemacao.com\/1\/wp-json\/wp\/v2\/posts\/35369\/revisions"}],"wp:featuredmedia":[{"embeddable":true,"href":"https:\/\/www.caririemacao.com\/1\/wp-json\/wp\/v2\/media\/10249"}],"wp:attachment":[{"href":"https:\/\/www.caririemacao.com\/1\/wp-json\/wp\/v2\/media?parent=35369"}],"wp:term":[{"taxonomy":"category","embeddable":true,"href":"https:\/\/www.caririemacao.com\/1\/wp-json\/wp\/v2\/categories?post=35369"},{"taxonomy":"post_tag","embeddable":true,"href":"https:\/\/www.caririemacao.com\/1\/wp-json\/wp\/v2\/tags?post=35369"}],"curies":[{"name":"wp","href":"https:\/\/api.w.org\/{rel}","templated":true}]}}