{"id":35371,"date":"2017-12-20T10:36:53","date_gmt":"2017-12-20T13:36:53","guid":{"rendered":"http:\/\/caririemacao.com\/1\/?p=35371"},"modified":"2017-12-20T10:36:53","modified_gmt":"2017-12-20T13:36:53","slug":"gastos-com-saude-crescem-mesmo-em-meio-a-crise-e-atingem-91-do-pib","status":"publish","type":"post","link":"https:\/\/www.caririemacao.com\/1\/2017\/12\/20\/gastos-com-saude-crescem-mesmo-em-meio-a-crise-e-atingem-91-do-pib\/","title":{"rendered":"Gastos com sa\u00fade crescem mesmo em meio \u00e0 crise e atingem 9,1% do PIB"},"content":{"rendered":"<p>O consumo final de bens e servi\u00e7os de sa\u00fade no Brasil cresceu em 2015, um dos piores anos da crise econ\u00f4mica, e atingiu R$ 546 bilh\u00f5es, o equivalente a 9,1% do Produto Interno Bruto (PIB, a soma de todas as riquezas produzidas no pa\u00eds naquele ano). Desse total, R$ 231 bilh\u00f5es (3,9% do PIB) corresponderam a despesas de consumo do governo e R$ 315 bilh\u00f5es (5,2% do PIB), a despesas de fam\u00edlias e institui\u00e7\u00f5es sem fins de lucro a servi\u00e7o das fam\u00edlias.<\/p>\n<p>Os dados fazem parte da Conta-Sat\u00e9lite de Sa\u00fade Brasil 2010-2015, que o Instituto Brasileiro de Geografia e Estat\u00edstica (IBGE) divulga hoje (20), com informa\u00e7\u00f5es sobre produ\u00e7\u00e3o, consumo final e com\u00e9rcio exterior de bens e servi\u00e7os relacionados \u00e0 sa\u00fade, bem como informa\u00e7\u00f5es sobre trabalho e renda nas atividades que geram esses produtos.<\/p>\n<p>Embora os gastos das fam\u00edlias com sa\u00fade tenham sido superiores ao do governo, pouco menos de 50 milh\u00f5es de pessoas t\u00eam plano de sa\u00fade no pa\u00eds \u2013 o equivalente a um quarto da popula\u00e7\u00e3o.<\/p>\n<p>A situa\u00e7\u00e3o vem se repetindo nos \u00faltimos anos, segundo um dos respons\u00e1veis pela pesquisa, Ricardo de Morais. \u201cQuando a gente junta os gastos com medicamentos com os relativos aos servi\u00e7os, as fam\u00edlias continuam gastando mais do que o governo. Se lev\u00e1ssemos em conta somente os gastos com servi\u00e7os de sa\u00fade, os do governo seriam maiores, mas como as fam\u00edlias t\u00eam gastos bastantes razo\u00e1veis com a compra de medicamentos, os gastos das fam\u00edlias s\u00e3o maiores do que os do governo\u201d, afirma o pesquisador.<\/p>\n<p>Participa\u00e7\u00e3o da sa\u00fade na economia do pa\u00eds<\/p>\n<p>Uma das constata\u00e7\u00f5es do IBGE, a partir da pesquisa, \u00e9 de que a participa\u00e7\u00e3o das atividades de sa\u00fade na renda gerada no pa\u00eds (em valor adicionado) aumentou em todos os anos da s\u00e9rie e saltou de 6,1% do PIB em 2010 para 7,3% em 2015. Este aumento se deu em todos os anos.<\/p>\n<p>A participa\u00e7\u00e3o dos servi\u00e7os no consumo de sa\u00fade aumentou em todos os anos, passando de 75,9% para 79,2%, entre 2010 e 2015. J\u00e1 em rela\u00e7\u00e3o aos bens, a participa\u00e7\u00e3o dos medicamentos caiu de 22,4% para 19%.<\/p>\n<p>Em 2014, o volume de bens e servi\u00e7os de sa\u00fade consumido por fam\u00edlias e institui\u00e7\u00f5es sem fins lucrativos aumentou 4,3%, em linha com o crescimento de 4,5% do consumo do governo.<br \/>\nNo mesmo per\u00edodo, os pre\u00e7os dos bens e servi\u00e7os de sa\u00fade subiram mais do que a m\u00e9dia dos pre\u00e7os da economia \u2013 foi um aumento de 0,5 ponto percentual, ao passar de 8,2% para 8,7% do PIB. \u201cEsse aumento de participa\u00e7\u00e3o \u00e9 explicado tanto pelo aumento do volume do consumo desses bens e servi\u00e7os quanto pelo aumento de seus pre\u00e7os\u201d, diz Morais.<\/p>\n<p>Despesa per capita com sa\u00fade<\/p>\n<p>Os dados da Conta Sat\u00e9lite de Sa\u00fade 2010-2015 indicam que a despesa per capita com o consumo de bens e servi\u00e7os de sa\u00fade, em 2015, foi de R$ 1.538,79 para fam\u00edlias e institui\u00e7\u00f5es sem fins de lucro a servi\u00e7o das fam\u00edlias e de R$ 1.131,94 para o governo.<\/p>\n<p>O levantamento do IBGE constatou que as despesas com consumo de bens e servi\u00e7os de sa\u00fade oscilaram entre 18,5% e 19,6% do total do consumo do governo, entre 2010 e 2015. J\u00e1 no caso das fam\u00edlias, as despesas com consumo de bens e servi\u00e7os de sa\u00fade passaram de 7,3% do total de seu consumo final, em 2010, para 8,2%, em 2015.<\/p>\n<p>O consumo de bens e servi\u00e7os de sa\u00fade cresceu em todos os anos da s\u00e9rie, fechando 2015 com crescimento em volume \u2013 descontando as varia\u00e7\u00f5es de pre\u00e7os \u2013 de 0,5% para o governo e de 1,6% para as fam\u00edlias, em rela\u00e7\u00e3o ao ano anterior.<\/p>\n<p>O ponto fora da curva ocorreu em 2012, quando o aumento no consumo de bens e servi\u00e7os de sa\u00fade foi o menor da s\u00e9rie. Nesse ano, o crescimento foi menor que o da popula\u00e7\u00e3o, o que levou a uma varia\u00e7\u00e3o per capita negativa de 0,1%.<\/p>\n<p>Subs\u00eddio de medicamentos chega a R$ 2,8 bilh\u00f5es<\/p>\n<p>Os subs\u00eddios do governo \u00e0 popula\u00e7\u00e3o relativos ao programa Aqui Tem Farm\u00e1cia Popular \u2013 que transfere recursos a farm\u00e1cias populares para pagar medicamentos adquiridos pelas fam\u00edlias \u2013 deram um salto nos \u00faltimos anos, passando de R$ 238 milh\u00f5es para R$ 2,8 bilh\u00f5es, entre 2010 e 2015.<\/p>\n<p>Entre os dados de consumo do governo, na parte de despesas s\u00e3o o que mais chama a aten\u00e7\u00e3o. S\u00e3o transfer\u00eancias que s\u00e3o na forma de subs\u00eddios: o farm\u00e1cia popular passou de R$ 238 milh\u00f5es em 2010 para R$ 2,8 bilh\u00f5es em 2015, ressaltou Ricardo de Morais.<\/p>\n<p>Ele lembrou que de Recursos e Usos, no \u201cap\u00eandice\u201d desta publica\u00e7\u00e3o, esses recursos s\u00e3o tratados como \u201csubs\u00eddio ao consumo de medicamentos pelas fam\u00edlias\u201d. \u201cO Farm\u00e1cia Popular \u00e9 um programa do governo que desde a sua implanta\u00e7\u00e3o vem crescendo muito r\u00e1pido. \u00c9 um programa bastante divulgado, da\u00ed esses n\u00fameros\u201d, justifica.<\/p>\n<p><strong>CARIRI EM A\u00c7\u00c3O<\/strong><\/p>\n<p><em>Com Ag\u00eancia Brasil\/Foto: Reprodu\u00e7\u00e3o google\u00a0\u00a0 <\/em><\/p>\n<p><strong>Leia mais not\u00edcias em\u00a0<\/strong><a href=\"http:\/\/www.caririemacao.com\/\"><strong>caririemacao.com<\/strong><\/a><strong>, siga nossa p\u00e1gina no\u00a0<\/strong><a href=\"https:\/\/www.facebook.com\/CaririEmAcao\/?ref=aymt_homepage_panel\"><strong>Facebook<\/strong><\/a>,<strong>\u00a0<\/strong><a href=\"https:\/\/www.instagram.com\/cariri_em_acao\/?hl=pt-br\"><strong>Instagram<\/strong><\/a><strong>\u00a0e <\/strong><a href=\"https:\/\/www.youtube.com\/channel\/UCAptA0jQuYQy8vMhLt2m4qg\"><strong>Youtube<\/strong><\/a><strong>\u00a0e veja nossas mat\u00e9rias, v\u00eddeos e fotos. Voc\u00ea tamb\u00e9m pode enviar informa\u00e7\u00f5es \u00e0 Reda\u00e7\u00e3o do Portal Cariri em A\u00e7\u00e3o pelo WhatsApp (83) 9 9634.5791, (83) 9 9601-1162.<\/strong><\/p>\n","protected":false},"excerpt":{"rendered":"<p>O consumo final de bens e servi\u00e7os de sa\u00fade no Brasil cresceu em 2015, um dos piores anos da crise econ\u00f4mica, e atingiu R$ 546&hellip; <\/p>\n","protected":false},"author":2,"featured_media":35372,"comment_status":"closed","ping_status":"closed","sticky":false,"template":"","format":"standard","meta":{"sfsi_plus_gutenberg_text_before_share":"","sfsi_plus_gutenberg_show_text_before_share":"","sfsi_plus_gutenberg_icon_type":"","sfsi_plus_gutenberg_icon_alignemt":"","sfsi_plus_gutenburg_max_per_row":"","footnotes":""},"categories":[16],"tags":[],"class_list":["post-35371","post","type-post","status-publish","format-standard","has-post-thumbnail","hentry","category-saude"],"_links":{"self":[{"href":"https:\/\/www.caririemacao.com\/1\/wp-json\/wp\/v2\/posts\/35371","targetHints":{"allow":["GET"]}}],"collection":[{"href":"https:\/\/www.caririemacao.com\/1\/wp-json\/wp\/v2\/posts"}],"about":[{"href":"https:\/\/www.caririemacao.com\/1\/wp-json\/wp\/v2\/types\/post"}],"author":[{"embeddable":true,"href":"https:\/\/www.caririemacao.com\/1\/wp-json\/wp\/v2\/users\/2"}],"replies":[{"embeddable":true,"href":"https:\/\/www.caririemacao.com\/1\/wp-json\/wp\/v2\/comments?post=35371"}],"version-history":[{"count":0,"href":"https:\/\/www.caririemacao.com\/1\/wp-json\/wp\/v2\/posts\/35371\/revisions"}],"wp:featuredmedia":[{"embeddable":true,"href":"https:\/\/www.caririemacao.com\/1\/wp-json\/wp\/v2\/media\/35372"}],"wp:attachment":[{"href":"https:\/\/www.caririemacao.com\/1\/wp-json\/wp\/v2\/media?parent=35371"}],"wp:term":[{"taxonomy":"category","embeddable":true,"href":"https:\/\/www.caririemacao.com\/1\/wp-json\/wp\/v2\/categories?post=35371"},{"taxonomy":"post_tag","embeddable":true,"href":"https:\/\/www.caririemacao.com\/1\/wp-json\/wp\/v2\/tags?post=35371"}],"curies":[{"name":"wp","href":"https:\/\/api.w.org\/{rel}","templated":true}]}}