{"id":35377,"date":"2017-12-20T10:53:25","date_gmt":"2017-12-20T13:53:25","guid":{"rendered":"http:\/\/caririemacao.com\/1\/?p=35377"},"modified":"2017-12-20T10:53:25","modified_gmt":"2017-12-20T13:53:25","slug":"preso-eduardo-cunha-prepara-filha-para-disputar-vaga-na-camara-em-2018","status":"publish","type":"post","link":"https:\/\/www.caririemacao.com\/1\/2017\/12\/20\/preso-eduardo-cunha-prepara-filha-para-disputar-vaga-na-camara-em-2018\/","title":{"rendered":"Preso, Eduardo Cunha prepara filha para disputar vaga na C\u00e2mara em 2018"},"content":{"rendered":"<header>\n<p class=\"post-title gui-text-title\">Embora preso, o ex-deputado Eduardo Cunha (PMDB-RJ) j\u00e1 prepara nos bastidores um nome para tentar ocupar a vaga dele na C\u00e2mara nas elei\u00e7\u00f5es do pr\u00f3ximo ano\u00a0\u2013\u00a0a filha, a publicit\u00e1ria Danielle Dytz da Cunha.<\/p>\n<\/header>\n<section class=\"post-content\">Segundo interlocutores de Cunha, desde que foi cassado\u00a0\u2013\u00a0e em seguida preso\u00a0\u2013\u00a0ele passou a cogitar a ideia de lan\u00e7ar o nome da filha para disputar a elei\u00e7\u00e3o proporcional.Amigos do ex-presidente da C\u00e2mara j\u00e1 come\u00e7am a observar a desenvoltura de Danielle nas redes sociais, adotando uma postura semelhante \u00e0 do pai.<\/p>\n<p>Em 2015, quando Eduardo Cunha ganhou a disputa pelo comando da C\u00e2mara, Danielle passou a circular pelos corredores da Casa e ganhou algumas contas de deputados para fazer assessoria e divulga\u00e7\u00e3o dos mandatos. Mas com a derrocada de Cunha, a publicit\u00e1ria perdeu as contas.<\/p>\n<p><strong>CARIRI EM A\u00c7\u00c3O<\/strong><\/p>\n<p><em>Com Blog do Camarotti (G1) \/Foto: Reprodu\u00e7\u00e3o google\u00a0\u00a0 <\/em><\/p>\n<p><strong>Leia mais not\u00edcias em\u00a0<\/strong><a href=\"http:\/\/www.caririemacao.com\/\"><strong>caririemacao.com<\/strong><\/a><strong>, siga nossa p\u00e1gina no\u00a0<\/strong><a href=\"https:\/\/www.facebook.com\/CaririEmAcao\/?ref=aymt_homepage_panel\"><strong>Facebook<\/strong><\/a>,<strong>\u00a0<\/strong><a href=\"https:\/\/www.instagram.com\/cariri_em_acao\/?hl=pt-br\"><strong>Instagram<\/strong><\/a><strong>\u00a0e <\/strong><a href=\"https:\/\/www.youtube.com\/channel\/UCAptA0jQuYQy8vMhLt2m4qg\"><strong>Youtube<\/strong><\/a><strong>\u00a0e veja nossas mat\u00e9rias, v\u00eddeos e fotos. Voc\u00ea tamb\u00e9m pode enviar informa\u00e7\u00f5es \u00e0 Reda\u00e7\u00e3o do Portal Cariri em A\u00e7\u00e3o pelo WhatsApp (83) 9 9634.5791, (83) 9 9601-1162.<\/strong><\/p>\n<\/section>\n","protected":false},"excerpt":{"rendered":"<p>Embora preso, o ex-deputado Eduardo Cunha (PMDB-RJ) j\u00e1 prepara nos bastidores um nome para tentar ocupar a vaga dele na C\u00e2mara nas elei\u00e7\u00f5es do pr\u00f3ximo&hellip; <\/p>\n","protected":false},"author":2,"featured_media":30989,"comment_status":"closed","ping_status":"closed","sticky":false,"template":"","format":"standard","meta":{"sfsi_plus_gutenberg_text_before_share":"","sfsi_plus_gutenberg_show_text_before_share":"","sfsi_plus_gutenberg_icon_type":"","sfsi_plus_gutenberg_icon_alignemt":"","sfsi_plus_gutenburg_max_per_row":"","footnotes":""},"categories":[11],"tags":[],"class_list":["post-35377","post","type-post","status-publish","format-standard","has-post-thumbnail","hentry","category-politica"],"_links":{"self":[{"href":"https:\/\/www.caririemacao.com\/1\/wp-json\/wp\/v2\/posts\/35377","targetHints":{"allow":["GET"]}}],"collection":[{"href":"https:\/\/www.caririemacao.com\/1\/wp-json\/wp\/v2\/posts"}],"about":[{"href":"https:\/\/www.caririemacao.com\/1\/wp-json\/wp\/v2\/types\/post"}],"author":[{"embeddable":true,"href":"https:\/\/www.caririemacao.com\/1\/wp-json\/wp\/v2\/users\/2"}],"replies":[{"embeddable":true,"href":"https:\/\/www.caririemacao.com\/1\/wp-json\/wp\/v2\/comments?post=35377"}],"version-history":[{"count":0,"href":"https:\/\/www.caririemacao.com\/1\/wp-json\/wp\/v2\/posts\/35377\/revisions"}],"wp:featuredmedia":[{"embeddable":true,"href":"https:\/\/www.caririemacao.com\/1\/wp-json\/wp\/v2\/media\/30989"}],"wp:attachment":[{"href":"https:\/\/www.caririemacao.com\/1\/wp-json\/wp\/v2\/media?parent=35377"}],"wp:term":[{"taxonomy":"category","embeddable":true,"href":"https:\/\/www.caririemacao.com\/1\/wp-json\/wp\/v2\/categories?post=35377"},{"taxonomy":"post_tag","embeddable":true,"href":"https:\/\/www.caririemacao.com\/1\/wp-json\/wp\/v2\/tags?post=35377"}],"curies":[{"name":"wp","href":"https:\/\/api.w.org\/{rel}","templated":true}]}}