{"id":35386,"date":"2017-12-20T11:31:21","date_gmt":"2017-12-20T14:31:21","guid":{"rendered":"http:\/\/caririemacao.com\/1\/?p=35386"},"modified":"2017-12-20T11:31:21","modified_gmt":"2017-12-20T14:31:21","slug":"pmdb-aprova-mudanca-de-nome-e-passa-a-ser-chamado-mdb","status":"publish","type":"post","link":"https:\/\/www.caririemacao.com\/1\/2017\/12\/20\/pmdb-aprova-mudanca-de-nome-e-passa-a-ser-chamado-mdb\/","title":{"rendered":"PMDB aprova mudan\u00e7a de nome e passa a ser chamado MDB"},"content":{"rendered":"<section class=\"l-noticia\">Integrantes do PMDB aprovaram, em conven\u00e7\u00e3o nacional extraordin\u00e1ria nesta ter\u00e7a-feira (19), a mudan\u00e7a do nome da legenda, com a retirada da letra \u201cP\u201d, que significa a palavra partido. A partir de agora, a legenda volta a ser chamada pelo nome original: MDB \u2013 Movimento Democr\u00e1tico Brasileiro.<\/p>\n<p>Em agosto, o presidente da legenda, senador Romero Juc\u00e1 (RR), j\u00e1 havia anunciado a inten\u00e7\u00e3o de alterar o nome. \u00c0 \u00e9poca, ele afirmou que o objetivo da mudan\u00e7a era \u201cganhar as ruas\u201d. Para oficializar a decis\u00e3o, era necess\u00e1rio o aval dos peemedebistas, em vota\u00e7\u00e3o feita em conven\u00e7\u00e3o nacional.<\/p>\n<p>\u201cO MDB seguir\u00e1 no rumo da mudan\u00e7a que nos transformar\u00e1 novamente em um grande e novo movimento. N\u00e3o \u00e9 uma volta para o passado, mas um passo gigantesco para o futuro\u201d, disse Juc\u00e1, em discurso aos colegas de partido.<\/p>\n<p>Movimento Democr\u00e1tico Brasileiro era o nome da agremia\u00e7\u00e3o antes de 1980, quando, ainda durante a ditadura militar, foi adotado o pluripartidarismo.<\/p>\n<p>O resgate da sigla MDB faz parte de uma estrat\u00e9gia dos peemedebistas de diminuir o desgaste do PMDB e da pol\u00edtica partid\u00e1ria junto \u00e0 sociedade. V\u00e1rios integrantes da c\u00fapula do partido, entre eles o presidente, senador Romero Juc\u00e1, s\u00e3o alvo de investiga\u00e7\u00f5es em esc\u00e2ndalos de corrup\u00e7\u00e3o.<\/p>\n<p>Entre as inten\u00e7\u00f5es dos peemedebistas com a retomada do MDB, est\u00e1 a de recordar a imagem de figuras, como Ulysses Guimar\u00e3es e Teot\u00f4nio Vilela, protagonistas da luta pela redemocratiza\u00e7\u00e3o do pa\u00eds.<\/p>\n<p>Em entrevista, Juc\u00e1 disse que a volta ao MDB n\u00e3o \u00e9 \u201cpara esconder\u201d eventuais irregularidades.<\/p>\n<p>\u201cQualquer coisa que seja investigada ser\u00e1 respondida e cada um \u00e9, individualmente, respons\u00e1vel por aquilo que tenha feito de equivocado. O partido n\u00e3o tem nada a ver com isso, est\u00e1 tranquilo e vai disputar as elei\u00e7\u00f5es de cabe\u00e7a erguida. N\u00e3o temos nenhum tipo de vergonha\u201d, disse.<\/p>\n<p>De acordo com a assessoria de Juc\u00e1, a mudan\u00e7a de nome vai ser comunicada ao Tribunal Superior Eleitoral (TSE). Como o Judici\u00e1rio entrar\u00e1 em recesso, a Justi\u00e7a Eleitoral s\u00f3 deve oficializar a altera\u00e7\u00e3o em fevereiro.<\/p>\n<p><strong>Outras decis\u00f5es<\/strong><\/p>\n<p>A reuni\u00e3o partid\u00e1ria foi aberta com poucos participantes no audit\u00f3rio. Na fala inicial, Juc\u00e1 chegou a anunciar que o presidente Michel Temer chegaria em instantes ao evento, mas a participa\u00e7\u00e3o foi cancelada minutos depois.<\/p>\n<p>Ap\u00f3s o Planalto divulgar que Temer n\u00e3o compareceria ao evento, o presidente surpreendeu a todos, apareceu e fez um breve discurso de 10 minutos. Ele defendeu a reforma da Previd\u00eancia e sugeriu a pessoas que ganham mais que fa\u00e7am uma previd\u00eancia complementar.<\/p>\n<p>Na pauta da conven\u00e7\u00e3o, est\u00e3o outros itens, como a adequa\u00e7\u00e3o do estatuto partid\u00e1rio \u00e0 legisla\u00e7\u00e3o eleitoral, com a inclus\u00e3o das regras de distribui\u00e7\u00e3o do fundo p\u00fablico destinado a bancar campanhas eleitorais.<\/p>\n<p>Juc\u00e1 voltou a dizer que parlamentares que defendem as posi\u00e7\u00f5es do partido ser\u00e3o \u201capoiados com mais for\u00e7a\u201d durante as elei\u00e7\u00f5es. \u201cVamos tratar com prioridade aqueles que est\u00e3o fechados com a posi\u00e7\u00e3o do partido\u201d, afirmou.<\/p>\n<p>O encontro tamb\u00e9m ter\u00e1 defini\u00e7\u00f5es sobre a ado\u00e7\u00e3o de um sistema de governan\u00e7a e compliance, al\u00e9m do in\u00edcio da discuss\u00e3o sobre o novo programa partid\u00e1rio.<\/p>\n<p><strong>CARIRI EM A\u00c7\u00c3O<\/strong><\/p>\n<p><em>Com G1 \/Foto: Reprodu\u00e7\u00e3o google\u00a0\u00a0 <\/em><\/p>\n<p><strong>Leia mais not\u00edcias em\u00a0<\/strong><a href=\"http:\/\/www.caririemacao.com\/\"><strong>caririemacao.com<\/strong><\/a><strong>, siga nossa p\u00e1gina no\u00a0<\/strong><a href=\"https:\/\/www.facebook.com\/CaririEmAcao\/?ref=aymt_homepage_panel\"><strong>Facebook<\/strong><\/a>,<strong>\u00a0<\/strong><a href=\"https:\/\/www.instagram.com\/cariri_em_acao\/?hl=pt-br\"><strong>Instagram<\/strong><\/a><strong>\u00a0e <\/strong><a href=\"https:\/\/www.youtube.com\/channel\/UCAptA0jQuYQy8vMhLt2m4qg\"><strong>Youtube<\/strong><\/a><strong>\u00a0e veja nossas mat\u00e9rias, v\u00eddeos e fotos. Voc\u00ea tamb\u00e9m pode enviar informa\u00e7\u00f5es \u00e0 Reda\u00e7\u00e3o do Portal Cariri em A\u00e7\u00e3o pelo WhatsApp (83) 9 9634.5791, (83) 9 9601-1162.<\/strong><\/p>\n<\/section>\n","protected":false},"excerpt":{"rendered":"<p>Integrantes do PMDB aprovaram, em conven\u00e7\u00e3o nacional extraordin\u00e1ria nesta ter\u00e7a-feira (19), a mudan\u00e7a do nome da legenda, com a retirada da letra \u201cP\u201d, que significa&hellip; <\/p>\n","protected":false},"author":2,"featured_media":35387,"comment_status":"closed","ping_status":"closed","sticky":false,"template":"","format":"standard","meta":{"sfsi_plus_gutenberg_text_before_share":"","sfsi_plus_gutenberg_show_text_before_share":"","sfsi_plus_gutenberg_icon_type":"","sfsi_plus_gutenberg_icon_alignemt":"","sfsi_plus_gutenburg_max_per_row":"","footnotes":""},"categories":[2],"tags":[],"class_list":["post-35386","post","type-post","status-publish","format-standard","has-post-thumbnail","hentry","category-geral"],"_links":{"self":[{"href":"https:\/\/www.caririemacao.com\/1\/wp-json\/wp\/v2\/posts\/35386","targetHints":{"allow":["GET"]}}],"collection":[{"href":"https:\/\/www.caririemacao.com\/1\/wp-json\/wp\/v2\/posts"}],"about":[{"href":"https:\/\/www.caririemacao.com\/1\/wp-json\/wp\/v2\/types\/post"}],"author":[{"embeddable":true,"href":"https:\/\/www.caririemacao.com\/1\/wp-json\/wp\/v2\/users\/2"}],"replies":[{"embeddable":true,"href":"https:\/\/www.caririemacao.com\/1\/wp-json\/wp\/v2\/comments?post=35386"}],"version-history":[{"count":0,"href":"https:\/\/www.caririemacao.com\/1\/wp-json\/wp\/v2\/posts\/35386\/revisions"}],"wp:featuredmedia":[{"embeddable":true,"href":"https:\/\/www.caririemacao.com\/1\/wp-json\/wp\/v2\/media\/35387"}],"wp:attachment":[{"href":"https:\/\/www.caririemacao.com\/1\/wp-json\/wp\/v2\/media?parent=35386"}],"wp:term":[{"taxonomy":"category","embeddable":true,"href":"https:\/\/www.caririemacao.com\/1\/wp-json\/wp\/v2\/categories?post=35386"},{"taxonomy":"post_tag","embeddable":true,"href":"https:\/\/www.caririemacao.com\/1\/wp-json\/wp\/v2\/tags?post=35386"}],"curies":[{"name":"wp","href":"https:\/\/api.w.org\/{rel}","templated":true}]}}