{"id":35394,"date":"2017-12-20T13:14:12","date_gmt":"2017-12-20T16:14:12","guid":{"rendered":"http:\/\/caririemacao.com\/1\/?p=35394"},"modified":"2017-12-20T13:14:12","modified_gmt":"2017-12-20T16:14:12","slug":"ex-prefeito-de-sao-jose-dos-cordeiros-tem-contas-de-2015-aprovadas-pelo-tce","status":"publish","type":"post","link":"https:\/\/www.caririemacao.com\/1\/2017\/12\/20\/ex-prefeito-de-sao-jose-dos-cordeiros-tem-contas-de-2015-aprovadas-pelo-tce\/","title":{"rendered":"Ex-prefeito de S\u00e3o Jos\u00e9 dos Cordeiros tem contas de 2015 aprovadas pelo TCE"},"content":{"rendered":"<p>As contas do ex-prefeito de S\u00e3o Jos\u00e9 dos Cordeiros referentes ao exerc\u00edcio financeiro de 2015 foram aprovadas pelo Tribunal de Contas do Estado da Para\u00edba<\/p>\n<p>Para o ex-prefeito Fernando Queiroz, essa aprova\u00e7\u00e3o \u00e9 um reflexo do compromisso da equipe administrativa, que sempre se manteve firme e comprometida com a responsabilidade fiscal.<\/p>\n<p>\u201cSempre buscamos fazer o correto de forma transparente com os atos de nossa gest\u00e3o. A aprova\u00e7\u00e3o do exerc\u00edcio de 2015 \u00e9 mais uma prova desse compromisso\u201d, afirmou.<\/p>\n<p>Vale ressaltar que Fernando Queiroz governou o munic\u00edpio por 8 anos e at\u00e9 o momento foram as aprovadas 7 contas e as contas referentes a 2016 est\u00e3o sendo analisadas pelo TCE\/PB.<\/p>\n<p><strong>CARIRI EM A\u00c7\u00c3O<\/strong><\/p>\n<p><strong>Leia mais not\u00edcias em\u00a0<\/strong><a style=\"font-style: inherit; font-weight: inherit;\" href=\"http:\/\/www.caririemacao.com\/\"><strong style=\"font-style: inherit;\">caririemacao.com<\/strong><\/a><strong style=\"font-style: inherit;\">, siga nossa p\u00e1gina no\u00a0<\/strong><a style=\"font-style: inherit; font-weight: inherit;\" href=\"https:\/\/www.facebook.com\/CaririEmAcao\/?ref=aymt_homepage_panel\"><strong style=\"font-style: inherit;\">Facebook<\/strong><\/a>,<strong style=\"font-style: inherit;\">\u00a0<\/strong><a style=\"font-style: inherit; font-weight: inherit;\" href=\"https:\/\/www.instagram.com\/cariri_em_acao\/?hl=pt-br\"><strong style=\"font-style: inherit;\">Instagram<\/strong><\/a><strong style=\"font-style: inherit;\">\u00a0e\u00a0<\/strong><a style=\"font-style: inherit; font-weight: inherit;\" href=\"https:\/\/www.youtube.com\/channel\/UCAptA0jQuYQy8vMhLt2m4qg\"><strong style=\"font-style: inherit;\">Youtube<\/strong><\/a><strong style=\"font-style: inherit;\">\u00a0e veja nossas mat\u00e9rias, v\u00eddeos e fotos. Voc\u00ea tamb\u00e9m pode enviar informa\u00e7\u00f5es \u00e0 Reda\u00e7\u00e3o do Portal Cariri em A\u00e7\u00e3o pelo WhatsApp (83) 9 9634.5791, (83) 9 9601-1162.<\/strong><\/p>\n","protected":false},"excerpt":{"rendered":"<p>As contas do ex-prefeito de S\u00e3o Jos\u00e9 dos Cordeiros referentes ao exerc\u00edcio financeiro de 2015 foram aprovadas pelo Tribunal de Contas do Estado da Para\u00edba&hellip; <\/p>\n","protected":false},"author":2,"featured_media":35395,"comment_status":"closed","ping_status":"closed","sticky":false,"template":"","format":"standard","meta":{"sfsi_plus_gutenberg_text_before_share":"","sfsi_plus_gutenberg_show_text_before_share":"","sfsi_plus_gutenberg_icon_type":"","sfsi_plus_gutenberg_icon_alignemt":"","sfsi_plus_gutenburg_max_per_row":"","footnotes":""},"categories":[11],"tags":[],"class_list":["post-35394","post","type-post","status-publish","format-standard","has-post-thumbnail","hentry","category-politica"],"_links":{"self":[{"href":"https:\/\/www.caririemacao.com\/1\/wp-json\/wp\/v2\/posts\/35394","targetHints":{"allow":["GET"]}}],"collection":[{"href":"https:\/\/www.caririemacao.com\/1\/wp-json\/wp\/v2\/posts"}],"about":[{"href":"https:\/\/www.caririemacao.com\/1\/wp-json\/wp\/v2\/types\/post"}],"author":[{"embeddable":true,"href":"https:\/\/www.caririemacao.com\/1\/wp-json\/wp\/v2\/users\/2"}],"replies":[{"embeddable":true,"href":"https:\/\/www.caririemacao.com\/1\/wp-json\/wp\/v2\/comments?post=35394"}],"version-history":[{"count":0,"href":"https:\/\/www.caririemacao.com\/1\/wp-json\/wp\/v2\/posts\/35394\/revisions"}],"wp:featuredmedia":[{"embeddable":true,"href":"https:\/\/www.caririemacao.com\/1\/wp-json\/wp\/v2\/media\/35395"}],"wp:attachment":[{"href":"https:\/\/www.caririemacao.com\/1\/wp-json\/wp\/v2\/media?parent=35394"}],"wp:term":[{"taxonomy":"category","embeddable":true,"href":"https:\/\/www.caririemacao.com\/1\/wp-json\/wp\/v2\/categories?post=35394"},{"taxonomy":"post_tag","embeddable":true,"href":"https:\/\/www.caririemacao.com\/1\/wp-json\/wp\/v2\/tags?post=35394"}],"curies":[{"name":"wp","href":"https:\/\/api.w.org\/{rel}","templated":true}]}}