{"id":35397,"date":"2017-12-20T13:23:41","date_gmt":"2017-12-20T16:23:41","guid":{"rendered":"http:\/\/caririemacao.com\/1\/?p=35397"},"modified":"2017-12-20T13:23:41","modified_gmt":"2017-12-20T16:23:41","slug":"prefeito-eden-duarte-faz-as-primeiras-convocacoes-dos-aprovados-no-concurso-publico-de-2017","status":"publish","type":"post","link":"https:\/\/www.caririemacao.com\/1\/2017\/12\/20\/prefeito-eden-duarte-faz-as-primeiras-convocacoes-dos-aprovados-no-concurso-publico-de-2017\/","title":{"rendered":"Prefeito \u00c9den Duarte faz as primeiras convoca\u00e7\u00f5es dos aprovados no Concurso P\u00fablico de 2017"},"content":{"rendered":"<p>O prefeito, \u00c9den Duarte, fez nesta quarta-feira (20\/12), as primeiras convoca\u00e7\u00f5es dos aprovados no Concurso P\u00fablico da Prefeitura Municipal de Sum\u00e9, realizado no \u00faltimo m\u00eas de outubro.<\/p>\n<p>A assinatura das portarias aconteceu durante solenidade de entrega de equipamentos das unidades b\u00e1sicas de sa\u00fade, na manh\u00e3 desta quarta-feira e a publica\u00e7\u00e3o se encontra no Boletim Oficial do Munic\u00edpio do dia 20 de dezembro de 2017.<\/p>\n<p>Nesta primeira chamada foram convocados 19 candidatos. Sendo 3 motoristas classe D, 1 operador de m\u00e1quinas pesadas, 2 t\u00e9cnicos em radiologia, 7 t\u00e9cnicos em sa\u00fade bucal, 1 fisioterapeuta, 1 psic\u00f3logo, 1 m\u00e9dico psiquiatra, 1 m\u00e9dico pediatra, 1 cirurgi\u00e3o dentista e 1 assistente social.<\/p>\n<p>De acordo com \u00c9den, as chamadas acontecer\u00e3o de forma gradativa com a necessidade da administra\u00e7\u00e3o.<\/p>\n<p>Os convocados s\u00e3o:<\/p>\n<p><strong>&#8211; Motorista Classe D:<\/strong><\/p>\n<p>Osvaldo Albino Santiago<\/p>\n<p>Evandro de Souza Matos<\/p>\n<p>M\u00e1rcio Rodrigues dos Santos<\/p>\n<p><strong>&#8211; Operador de M\u00e1quinas Pesadas<\/strong><\/p>\n<p>Jos\u00e9 de Souza Coelho Filho<\/p>\n<p><strong>&#8211; T\u00e9cnico em Radiologia<\/strong><\/p>\n<p>Gilmar Virg\u00ednio da Silva<\/p>\n<p>Ana Santana de Medeiros<\/p>\n<p><strong>&#8211; T\u00e9cnico em Sa\u00fade Bucal<\/strong><\/p>\n<p>Rossione Rafael da Silva<\/p>\n<p>Gedean de Lucena Alves Silva<\/p>\n<p>Gilvania Galdino da Costa<\/p>\n<p>Roseane da Silva Rodrigues<\/p>\n<p>Rita Ang\u00e9lica Ara\u00fajo da Silva<\/p>\n<p>Vanusa Val\u00e9ria Santos Barros<\/p>\n<p>Maria Inalda Queiroz Bezerra<\/p>\n<p>&#8211; <strong>Fisioterapeuta<\/strong><\/p>\n<p>Maria Aparecida Rodrigues Mariz<\/p>\n<p><strong>&#8211; Psic\u00f3logo<\/strong><\/p>\n<p>Jocilda de Azevedo Rodrigues e Ramos<\/p>\n<p><strong>&#8211; Psiquiatra<\/strong><\/p>\n<p>Luiz Eduardo Leoc\u00e1dio Cavalcanti<\/p>\n<p><strong>&#8211; Cirurgi\u00e3o Buco-Maxilo<\/strong><\/p>\n<p>Ilky Pollanski Silva e Farias<\/p>\n<p><strong>&#8211; Pediatra<\/strong><\/p>\n<p>Franklin Augusto de Ara\u00fajo Nunes<\/p>\n<p><strong>&#8211; Assistente Social<\/strong><\/p>\n<p>Nat\u00e1lia Gomes Sobral<\/p>\n<p>Os convocados t\u00eam o prazo de at\u00e9 30 dias, a contar da data da publica\u00e7\u00e3o de convoca\u00e7\u00e3o no boletim oficial do munic\u00edpio, para comparecer na Secretaria de Administra\u00e7\u00e3o, setor de Recursos Humanos da Prefeitura de Sum\u00e9, apresentando<\/p>\n<p><strong>CARIRI EM A\u00c7\u00c3O<\/strong><\/p>\n<p><strong>Leia mais not\u00edcias em\u00a0<\/strong><a style=\"font-style: inherit; font-weight: inherit;\" href=\"http:\/\/www.caririemacao.com\/\"><strong style=\"font-style: inherit;\">caririemacao.com<\/strong><\/a><strong style=\"font-style: inherit;\">, siga nossa p\u00e1gina no\u00a0<\/strong><a style=\"font-style: inherit; font-weight: inherit;\" href=\"https:\/\/www.facebook.com\/CaririEmAcao\/?ref=aymt_homepage_panel\"><strong style=\"font-style: inherit;\">Facebook<\/strong><\/a>,<strong style=\"font-style: inherit;\">\u00a0<\/strong><a style=\"font-style: inherit; font-weight: inherit;\" href=\"https:\/\/www.instagram.com\/cariri_em_acao\/?hl=pt-br\"><strong style=\"font-style: inherit;\">Instagram<\/strong><\/a><strong style=\"font-style: inherit;\">\u00a0e\u00a0<\/strong><a style=\"font-style: inherit; font-weight: inherit;\" href=\"https:\/\/www.youtube.com\/channel\/UCAptA0jQuYQy8vMhLt2m4qg\"><strong style=\"font-style: inherit;\">Youtube<\/strong><\/a><strong style=\"font-style: inherit;\">\u00a0e veja nossas mat\u00e9rias, v\u00eddeos e fotos. Voc\u00ea tamb\u00e9m pode enviar informa\u00e7\u00f5es \u00e0 Reda\u00e7\u00e3o do Portal Cariri em A\u00e7\u00e3o pelo WhatsApp (83) 9 9634.5791, (83) 9 9601-1162.<\/strong><\/p>\n<p>&nbsp;<\/p>\n","protected":false},"excerpt":{"rendered":"<p>O prefeito, \u00c9den Duarte, fez nesta quarta-feira (20\/12), as primeiras convoca\u00e7\u00f5es dos aprovados no Concurso P\u00fablico da Prefeitura Municipal de Sum\u00e9, realizado no \u00faltimo m\u00eas&hellip; <\/p>\n","protected":false},"author":2,"featured_media":35398,"comment_status":"closed","ping_status":"closed","sticky":false,"template":"","format":"standard","meta":{"sfsi_plus_gutenberg_text_before_share":"","sfsi_plus_gutenberg_show_text_before_share":"","sfsi_plus_gutenberg_icon_type":"","sfsi_plus_gutenberg_icon_alignemt":"","sfsi_plus_gutenburg_max_per_row":"","footnotes":""},"categories":[2],"tags":[],"class_list":["post-35397","post","type-post","status-publish","format-standard","has-post-thumbnail","hentry","category-geral"],"_links":{"self":[{"href":"https:\/\/www.caririemacao.com\/1\/wp-json\/wp\/v2\/posts\/35397","targetHints":{"allow":["GET"]}}],"collection":[{"href":"https:\/\/www.caririemacao.com\/1\/wp-json\/wp\/v2\/posts"}],"about":[{"href":"https:\/\/www.caririemacao.com\/1\/wp-json\/wp\/v2\/types\/post"}],"author":[{"embeddable":true,"href":"https:\/\/www.caririemacao.com\/1\/wp-json\/wp\/v2\/users\/2"}],"replies":[{"embeddable":true,"href":"https:\/\/www.caririemacao.com\/1\/wp-json\/wp\/v2\/comments?post=35397"}],"version-history":[{"count":0,"href":"https:\/\/www.caririemacao.com\/1\/wp-json\/wp\/v2\/posts\/35397\/revisions"}],"wp:featuredmedia":[{"embeddable":true,"href":"https:\/\/www.caririemacao.com\/1\/wp-json\/wp\/v2\/media\/35398"}],"wp:attachment":[{"href":"https:\/\/www.caririemacao.com\/1\/wp-json\/wp\/v2\/media?parent=35397"}],"wp:term":[{"taxonomy":"category","embeddable":true,"href":"https:\/\/www.caririemacao.com\/1\/wp-json\/wp\/v2\/categories?post=35397"},{"taxonomy":"post_tag","embeddable":true,"href":"https:\/\/www.caririemacao.com\/1\/wp-json\/wp\/v2\/tags?post=35397"}],"curies":[{"name":"wp","href":"https:\/\/api.w.org\/{rel}","templated":true}]}}