{"id":35407,"date":"2017-12-21T09:26:54","date_gmt":"2017-12-21T12:26:54","guid":{"rendered":"http:\/\/caririemacao.com\/1\/?p=35407"},"modified":"2017-12-21T09:26:54","modified_gmt":"2017-12-21T12:26:54","slug":"acidente-entre-onibus-e-carro-deixa-mortos-no-cariri","status":"publish","type":"post","link":"https:\/\/www.caririemacao.com\/1\/2017\/12\/21\/acidente-entre-onibus-e-carro-deixa-mortos-no-cariri\/","title":{"rendered":"Acidente entre \u00f4nibus e carro deixa mortos no Cariri"},"content":{"rendered":"<p>Um acidente entre um \u00f4nibus e um carro de passeio deixou pelo menos duas pessoas mortas e outras feridas na rodovia federal, BR-230, no munic\u00edpio de Soledade, no Cariri paraibano. A batida ocorreu entre na manh\u00e3 desta quinta-feira (21).<\/p>\n<p>De acordo com as primeiras informa\u00e7\u00f5es divulgadas pela Pol\u00edcia Rodovi\u00e1ria Federal (PRF), o acidente ocorreu por volta das 5h (hor\u00e1rio local), no trecho do quil\u00f4metro 197 da BR-230. A suspeita \u00e9 de que o acidente tenha ocorrido durante uma tentativa de ultrapassado.<\/p>\n<p>Segundo o relato de testemunhas, o carro de passeio teria iniciado uma ultrapassagem mas n\u00e3o conseguiu finalizar. O motorista do \u00f4nibus, que trafegava no sentido oposto, ainda teria tentado livrar a batina no carro, desviando para o acostamento, mas ainda atingiu parte do carro. No \u00f4nibus havia pelo menos 50 pessoas, segundo o motorista informou ao Hospital de Trauma.<\/p>\n<p>At\u00e9 8h29 (hor\u00e1rio local) desta quinta-feira, 10 v\u00edtimas do acidente deram entrada no Hospital de Emerg\u00eancia e Trauma de Campina Grande. As tr\u00eas primeiras v\u00edtimas socorridas come\u00e7aram a chegar ao hospital as 7h40. Entre os tr\u00eas primeiros a chegaram ao hospital estava o motorista do \u00f4nibus e uma crian\u00e7a com traumatismo craniano.<\/p>\n<p>Ainda de acordo com a PRF, algumas v\u00edtimas ficaram presas as ferragens. O Corpo de Bombeiros tamb\u00e9m foi acionado.<\/p>\n<p><strong>CARIRI EM A\u00c7\u00c3O<\/strong><\/p>\n<p><strong>Leia mais not\u00edcias em\u00a0<\/strong><a style=\"font-style: inherit; font-weight: inherit;\" href=\"http:\/\/www.caririemacao.com\/\"><strong style=\"font-style: inherit;\">caririemacao.com<\/strong><\/a><strong style=\"font-style: inherit;\">, siga nossa p\u00e1gina no\u00a0<\/strong><a style=\"font-style: inherit; font-weight: inherit;\" href=\"https:\/\/www.facebook.com\/CaririEmAcao\/?ref=aymt_homepage_panel\"><strong style=\"font-style: inherit;\">Facebook<\/strong><\/a>,<strong style=\"font-style: inherit;\">\u00a0<\/strong><a style=\"font-style: inherit; font-weight: inherit;\" href=\"https:\/\/www.instagram.com\/cariri_em_acao\/?hl=pt-br\"><strong style=\"font-style: inherit;\">Instagram<\/strong><\/a><strong style=\"font-style: inherit;\">\u00a0e\u00a0<\/strong><a style=\"font-style: inherit; font-weight: inherit;\" href=\"https:\/\/www.youtube.com\/channel\/UCAptA0jQuYQy8vMhLt2m4qg\"><strong style=\"font-style: inherit;\">Youtube<\/strong><\/a><strong style=\"font-style: inherit;\">\u00a0e veja nossas mat\u00e9rias, v\u00eddeos e fotos. Voc\u00ea tamb\u00e9m pode enviar informa\u00e7\u00f5es \u00e0 Reda\u00e7\u00e3o do Portal Cariri em A\u00e7\u00e3o pelo WhatsApp (83) 9 9634.5791, (83) 9 9601-1162.<\/strong><\/p>\n","protected":false},"excerpt":{"rendered":"<p>Um acidente entre um \u00f4nibus e um carro de passeio deixou pelo menos duas pessoas mortas e outras feridas na rodovia federal, BR-230, no munic\u00edpio&hellip; <\/p>\n","protected":false},"author":2,"featured_media":35408,"comment_status":"closed","ping_status":"closed","sticky":false,"template":"","format":"standard","meta":{"sfsi_plus_gutenberg_text_before_share":"","sfsi_plus_gutenberg_show_text_before_share":"","sfsi_plus_gutenberg_icon_type":"","sfsi_plus_gutenberg_icon_alignemt":"","sfsi_plus_gutenburg_max_per_row":"","footnotes":""},"categories":[1],"tags":[],"class_list":["post-35407","post","type-post","status-publish","format-standard","has-post-thumbnail","hentry","category-o-site"],"_links":{"self":[{"href":"https:\/\/www.caririemacao.com\/1\/wp-json\/wp\/v2\/posts\/35407","targetHints":{"allow":["GET"]}}],"collection":[{"href":"https:\/\/www.caririemacao.com\/1\/wp-json\/wp\/v2\/posts"}],"about":[{"href":"https:\/\/www.caririemacao.com\/1\/wp-json\/wp\/v2\/types\/post"}],"author":[{"embeddable":true,"href":"https:\/\/www.caririemacao.com\/1\/wp-json\/wp\/v2\/users\/2"}],"replies":[{"embeddable":true,"href":"https:\/\/www.caririemacao.com\/1\/wp-json\/wp\/v2\/comments?post=35407"}],"version-history":[{"count":0,"href":"https:\/\/www.caririemacao.com\/1\/wp-json\/wp\/v2\/posts\/35407\/revisions"}],"wp:featuredmedia":[{"embeddable":true,"href":"https:\/\/www.caririemacao.com\/1\/wp-json\/wp\/v2\/media\/35408"}],"wp:attachment":[{"href":"https:\/\/www.caririemacao.com\/1\/wp-json\/wp\/v2\/media?parent=35407"}],"wp:term":[{"taxonomy":"category","embeddable":true,"href":"https:\/\/www.caririemacao.com\/1\/wp-json\/wp\/v2\/categories?post=35407"},{"taxonomy":"post_tag","embeddable":true,"href":"https:\/\/www.caririemacao.com\/1\/wp-json\/wp\/v2\/tags?post=35407"}],"curies":[{"name":"wp","href":"https:\/\/api.w.org\/{rel}","templated":true}]}}